{"id":18578,"date":"2017-02-22T18:04:08","date_gmt":"2017-02-22T18:04:08","guid":{"rendered":""},"modified":"2017-02-22T18:04:08","modified_gmt":"2017-02-22T18:04:08","slug":"realizan-lanzamiento-de-la-unidad-de-vacunacion-movil","status":"publish","type":"post","link":"https:\/\/sertv.gob.pa\/nacionalfm\/realizan-lanzamiento-de-la-unidad-de-vacunacion-movil\/","title":{"rendered":"Realizan lanzamiento de la Unidad de Vacunaci\u00f3n M\u00f3vil"},"content":{"rendered":"<p>\nEl Ministerio de Salud (MINSA), a trav\u00e9s de la Regi\u00f3n Metropolitana y con una inversi\u00f3n de $183 mil, llev\u00f3 a cabo el lanzamiento de la adquisici\u00f3n de la Unidad de Vacunaci\u00f3n M\u00f3vil, que beneficiar\u00e1 a ni\u00f1os y adultos que se encuentran en \u00e1reas de dif\u00edcil. \u00a0 <\/p>\n<p>La unidad de vacunaci\u00f3n m\u00f3vil cuenta con dos refrigeradoras para mil vacunas y se podr\u00e1 vacunar a toda la poblaci\u00f3n menor de 5 a\u00f1os, adulto mayor, embarazadas, mujeres en edad f\u00e9rtil; opci\u00f3n que era una limitante para el traslado del personal de enfermer\u00eda a estas zonas de dif\u00edcil acceso, as\u00ed lo dio a conocer \u00a0Reina Delegado, jefa de enfermeras del \u00e1rea metropolitana. <\/p>\n<p>El director de la Regi\u00f3n Metropolitana de Salud, Aurelio Rangel, se\u00f1al\u00f3 que la obtenci\u00f3n de la unidad forma parte del proyecto que un equipo pujante present\u00f3 para llevarlo a la realidad con el abordaje a las comunidades en las diversas disciplinas que se manejan en las 19 instalaciones que conforman la regi\u00f3n <\/p>\n<p>Por su parte, el ministro de Salud, Miguel Antonio Mayo, expres\u00f3 que la unidad de vacunaci\u00f3n m\u00f3vil brindar\u00e1 sus servicios en Centros de Salud y \u00e1reas de dif\u00edcil acceso a aquellas personas que por alguna discapacidad no puedan trasladarse y recibirlo, entonces el MINSA les llevar\u00e1 el insumo. <\/p>\n<p>\u00a0 <\/p>\n<p>\u00a0 <\/p>\n","protected":false},"excerpt":{"rendered":"<p>El Ministerio de Salud (MINSA), a trav\u00e9s de la Regi\u00f3n <a href=\"https:\/\/sertv.gob.pa\/nacionalfm\/realizan-lanzamiento-de-la-unidad-de-vacunacion-movil\/\"> [&#8230;]<\/a><\/p>\n","protected":false},"author":1,"featured_media":18579,"comment_status":"closed","ping_status":"closed","sticky":false,"template":"","format":"standard","meta":{"footnotes":""},"categories":[5],"tags":[],"class_list":["post-18578","post","type-post","status-publish","format-standard","has-post-thumbnail","hentry","category-salud"],"_links":{"self":[{"href":"https:\/\/sertv.gob.pa\/nacionalfm\/wp-json\/wp\/v2\/posts\/18578","targetHints":{"allow":["GET"]}}],"collection":[{"href":"https:\/\/sertv.gob.pa\/nacionalfm\/wp-json\/wp\/v2\/posts"}],"about":[{"href":"https:\/\/sertv.gob.pa\/nacionalfm\/wp-json\/wp\/v2\/types\/post"}],"author":[{"embeddable":true,"href":"https:\/\/sertv.gob.pa\/nacionalfm\/wp-json\/wp\/v2\/users\/1"}],"replies":[{"embeddable":true,"href":"https:\/\/sertv.gob.pa\/nacionalfm\/wp-json\/wp\/v2\/comments?post=18578"}],"version-history":[{"count":0,"href":"https:\/\/sertv.gob.pa\/nacionalfm\/wp-json\/wp\/v2\/posts\/18578\/revisions"}],"wp:featuredmedia":[{"embeddable":true,"href":"https:\/\/sertv.gob.pa\/nacionalfm\/wp-json\/wp\/v2\/media\/18579"}],"wp:attachment":[{"href":"https:\/\/sertv.gob.pa\/nacionalfm\/wp-json\/wp\/v2\/media?parent=18578"}],"wp:term":[{"taxonomy":"category","embeddable":true,"href":"https:\/\/sertv.gob.pa\/nacionalfm\/wp-json\/wp\/v2\/categories?post=18578"},{"taxonomy":"post_tag","embeddable":true,"href":"https:\/\/sertv.gob.pa\/nacionalfm\/wp-json\/wp\/v2\/tags?post=18578"}],"curies":[{"name":"wp","href":"https:\/\/api.w.org\/{rel}","templated":true}]}}