{"id":1858,"date":"2014-10-06T05:00:00","date_gmt":"2014-10-06T05:00:00","guid":{"rendered":""},"modified":"2014-10-06T05:00:00","modified_gmt":"2014-10-06T05:00:00","slug":"jarabe-infantil-es-retirado-del-mercado","status":"publish","type":"post","link":"https:\/\/sertv.gob.pa\/nacionalfm\/jarabe-infantil-es-retirado-del-mercado\/","title":{"rendered":"Jarabe infantil es retirado del mercado"},"content":{"rendered":"<p>\nLa Direcci\u00f3n Nacional de Farmacias y Drogas del Ministerio de Salud (Minsa) emiti\u00f3 una nota informativa en la que comunic\u00f3 el retiro del lote D001300101 del jarabe multivitam\u00ednico Pharmaton Kiddi, con fecha de vencimiento en enero de 2015. <\/p>\n<p>El documento explica que la &ldquo;medida fue aprobada porque el producto no cumple con las especificaciones del fabricante&rdquo; y presenta irregularidades como &ldquo;aspecto turbio intenso, con abundantes part\u00edculas multiformes en suspensi\u00f3n y que el contenido de los principios activos est\u00e1 por debajo de los rangos estipulados por el fabricante&rdquo;. <\/p>\n<p>Igualmente, se hizo la advertencia para que las personas que est\u00e9n consumiendo el producto verifiquen que no se trate del lote afectado. De ser as\u00ed, deben suspender inmediatamente el uso del producto, se\u00f1ala la nota de la entidad. <\/p>\n<p>El jarabe Pharmaton Kiddi es un multivitam\u00ednico con un ligero sabor a naranja, fue desarrollado especialmente para ni\u00f1os desde el primer a\u00f1o de edad hasta la adolescencia. <\/p>\n<p>Este medio busc\u00f3 la versi\u00f3n de Jenny Vergara, directora nacional de Farmacias y Drogas, para conocer m\u00e1s detalles de la situaci\u00f3n, pero se indic\u00f3 que estaba en una reuni\u00f3n por lo cual no pod\u00eda atender la entrevista.\u00a0 @nacionalFm <\/p>\n<p>\u00a0 <\/p>\n","protected":false},"excerpt":{"rendered":"<p>La Direcci\u00f3n Nacional de Farmacias y Drogas del Ministerio de <a href=\"https:\/\/sertv.gob.pa\/nacionalfm\/jarabe-infantil-es-retirado-del-mercado\/\"> [&#8230;]<\/a><\/p>\n","protected":false},"author":1,"featured_media":1859,"comment_status":"closed","ping_status":"closed","sticky":false,"template":"","format":"standard","meta":{"footnotes":""},"categories":[5],"tags":[],"class_list":["post-1858","post","type-post","status-publish","format-standard","has-post-thumbnail","hentry","category-salud"],"_links":{"self":[{"href":"https:\/\/sertv.gob.pa\/nacionalfm\/wp-json\/wp\/v2\/posts\/1858","targetHints":{"allow":["GET"]}}],"collection":[{"href":"https:\/\/sertv.gob.pa\/nacionalfm\/wp-json\/wp\/v2\/posts"}],"about":[{"href":"https:\/\/sertv.gob.pa\/nacionalfm\/wp-json\/wp\/v2\/types\/post"}],"author":[{"embeddable":true,"href":"https:\/\/sertv.gob.pa\/nacionalfm\/wp-json\/wp\/v2\/users\/1"}],"replies":[{"embeddable":true,"href":"https:\/\/sertv.gob.pa\/nacionalfm\/wp-json\/wp\/v2\/comments?post=1858"}],"version-history":[{"count":0,"href":"https:\/\/sertv.gob.pa\/nacionalfm\/wp-json\/wp\/v2\/posts\/1858\/revisions"}],"wp:featuredmedia":[{"embeddable":true,"href":"https:\/\/sertv.gob.pa\/nacionalfm\/wp-json\/wp\/v2\/media\/1859"}],"wp:attachment":[{"href":"https:\/\/sertv.gob.pa\/nacionalfm\/wp-json\/wp\/v2\/media?parent=1858"}],"wp:term":[{"taxonomy":"category","embeddable":true,"href":"https:\/\/sertv.gob.pa\/nacionalfm\/wp-json\/wp\/v2\/categories?post=1858"},{"taxonomy":"post_tag","embeddable":true,"href":"https:\/\/sertv.gob.pa\/nacionalfm\/wp-json\/wp\/v2\/tags?post=1858"}],"curies":[{"name":"wp","href":"https:\/\/api.w.org\/{rel}","templated":true}]}}