{"id":18582,"date":"2017-02-22T19:10:21","date_gmt":"2017-02-22T19:10:21","guid":{"rendered":""},"modified":"2017-02-22T19:10:21","modified_gmt":"2017-02-22T19:10:21","slug":"afutpa-inaugura-primer-local-en-panama","status":"publish","type":"post","link":"https:\/\/sertv.gob.pa\/nacionalfm\/afutpa-inaugura-primer-local-en-panama\/","title":{"rendered":"AFUTPA inaugura primer local en Panam\u00e1"},"content":{"rendered":"<p>\nRecientemente mediante peque\u00f1a ceremonia se inaugur\u00f3 el primer local de la Asociaci\u00f3n de Futbolistas Profesionales de Panam\u00e1, en la nueva oficina de la asociaci\u00f3n ubicada en City Plaza, antiguo Autodepot, y conto con la presencia de varias figuras del balompi\u00e9 nacional, entre ellos el destacado Felipe Baloy, capit\u00e1n del Tauro y la Selecci\u00f3n Nacional, y el tambi\u00e9n seleccionador Hern\u00e1n Dar\u00edo &ldquo;El Bolillo&rdquo; G\u00f3mez. <\/p>\n<p>Juan Ram\u00f3n Solis, presidente de AFUTPA, se mostr\u00f3 muy contento con este importante logro y asegur\u00f3 que seguir\u00e1n trabajando para impulsar el deporte. <\/p>\n<p>La oficina estar\u00e1 abierta de lunes a viernes, en horario de 9:00 a.m. a 5:00 p.m., y los s\u00e1bados de 9:00 a.m. a 12:00 p.m. y a ella podr\u00e1n acudir futbolistas profesionales de LPF, LPF Reservas, LNA y cualquier otra persona que requiera una asesor\u00eda en temas futbol\u00edsticos. <\/p>\n<p>\u00a0 <\/p>\n","protected":false},"excerpt":{"rendered":"<p>Recientemente mediante peque\u00f1a ceremonia se inaugur\u00f3 el primer local de <a href=\"https:\/\/sertv.gob.pa\/nacionalfm\/afutpa-inaugura-primer-local-en-panama\/\"> [&#8230;]<\/a><\/p>\n","protected":false},"author":1,"featured_media":18583,"comment_status":"closed","ping_status":"closed","sticky":false,"template":"","format":"standard","meta":{"footnotes":""},"categories":[4],"tags":[],"class_list":["post-18582","post","type-post","status-publish","format-standard","has-post-thumbnail","hentry","category-deportes"],"_links":{"self":[{"href":"https:\/\/sertv.gob.pa\/nacionalfm\/wp-json\/wp\/v2\/posts\/18582","targetHints":{"allow":["GET"]}}],"collection":[{"href":"https:\/\/sertv.gob.pa\/nacionalfm\/wp-json\/wp\/v2\/posts"}],"about":[{"href":"https:\/\/sertv.gob.pa\/nacionalfm\/wp-json\/wp\/v2\/types\/post"}],"author":[{"embeddable":true,"href":"https:\/\/sertv.gob.pa\/nacionalfm\/wp-json\/wp\/v2\/users\/1"}],"replies":[{"embeddable":true,"href":"https:\/\/sertv.gob.pa\/nacionalfm\/wp-json\/wp\/v2\/comments?post=18582"}],"version-history":[{"count":0,"href":"https:\/\/sertv.gob.pa\/nacionalfm\/wp-json\/wp\/v2\/posts\/18582\/revisions"}],"wp:featuredmedia":[{"embeddable":true,"href":"https:\/\/sertv.gob.pa\/nacionalfm\/wp-json\/wp\/v2\/media\/18583"}],"wp:attachment":[{"href":"https:\/\/sertv.gob.pa\/nacionalfm\/wp-json\/wp\/v2\/media?parent=18582"}],"wp:term":[{"taxonomy":"category","embeddable":true,"href":"https:\/\/sertv.gob.pa\/nacionalfm\/wp-json\/wp\/v2\/categories?post=18582"},{"taxonomy":"post_tag","embeddable":true,"href":"https:\/\/sertv.gob.pa\/nacionalfm\/wp-json\/wp\/v2\/tags?post=18582"}],"curies":[{"name":"wp","href":"https:\/\/api.w.org\/{rel}","templated":true}]}}