{"id":18588,"date":"2017-02-22T20:58:44","date_gmt":"2017-02-22T20:58:44","guid":{"rendered":""},"modified":"2017-02-22T20:58:44","modified_gmt":"2017-02-22T20:58:44","slug":"dan-a-conocer-seleccion-mayor-de-chiriqui","status":"publish","type":"post","link":"https:\/\/sertv.gob.pa\/nacionalfm\/dan-a-conocer-seleccion-mayor-de-chiriqui\/","title":{"rendered":"Dan a conocer Selecci\u00f3n mayor de Chiriqu\u00ed"},"content":{"rendered":"<p>\nLa Liga Provincial de B\u00e9isbol de Chiriqu\u00ed dio a conocer el seleccionado para el pr\u00f3ximo Campeonato Nacional Mayor de B\u00e9isbol. <\/p>\n<p>Lanzadores <\/p>\n<p>Andy Otero, Antonio Cuan, Kennett Batista, Cristian C\u00e1ceres, Carlos Ledezma, Rolando Calvo, Abraham Espinoza, Edgan Nadier Vega, Manuel Flores y Ram\u00f3n Ram\u00edrez de Venezuela. <\/p>\n<p>Receptores <\/p>\n<p>Juan Vega y Antonio Concepci\u00f3n <\/p>\n<p>Cuadro Interior <\/p>\n<p>Javier Quir\u00f3z, \u00c1ngel Ch\u00e1vez, Jeffer Pati\u00f1o, Dimas Ponce, Ashley Ponce, Jes\u00fas Barroso y Alexis Caballero. <\/p>\n<p>Jardineros <\/p>\n<p>Jonathan Saavedra, Jorge Miranda, Esistein Guti\u00e9rrez, Pedro Miranda y Gonzalo Gal\u00e1stica. <\/p>\n<p>El director t\u00e9cnico del equipo ser\u00e1 Lenin Picota. <\/p>\n<p>\u00a0 <\/p>\n","protected":false},"excerpt":{"rendered":"<p>La Liga Provincial de B\u00e9isbol de Chiriqu\u00ed dio a conocer <a href=\"https:\/\/sertv.gob.pa\/nacionalfm\/dan-a-conocer-seleccion-mayor-de-chiriqui\/\"> [&#8230;]<\/a><\/p>\n","protected":false},"author":1,"featured_media":18589,"comment_status":"closed","ping_status":"closed","sticky":false,"template":"","format":"standard","meta":{"footnotes":""},"categories":[4],"tags":[],"class_list":["post-18588","post","type-post","status-publish","format-standard","has-post-thumbnail","hentry","category-deportes"],"_links":{"self":[{"href":"https:\/\/sertv.gob.pa\/nacionalfm\/wp-json\/wp\/v2\/posts\/18588","targetHints":{"allow":["GET"]}}],"collection":[{"href":"https:\/\/sertv.gob.pa\/nacionalfm\/wp-json\/wp\/v2\/posts"}],"about":[{"href":"https:\/\/sertv.gob.pa\/nacionalfm\/wp-json\/wp\/v2\/types\/post"}],"author":[{"embeddable":true,"href":"https:\/\/sertv.gob.pa\/nacionalfm\/wp-json\/wp\/v2\/users\/1"}],"replies":[{"embeddable":true,"href":"https:\/\/sertv.gob.pa\/nacionalfm\/wp-json\/wp\/v2\/comments?post=18588"}],"version-history":[{"count":0,"href":"https:\/\/sertv.gob.pa\/nacionalfm\/wp-json\/wp\/v2\/posts\/18588\/revisions"}],"wp:featuredmedia":[{"embeddable":true,"href":"https:\/\/sertv.gob.pa\/nacionalfm\/wp-json\/wp\/v2\/media\/18589"}],"wp:attachment":[{"href":"https:\/\/sertv.gob.pa\/nacionalfm\/wp-json\/wp\/v2\/media?parent=18588"}],"wp:term":[{"taxonomy":"category","embeddable":true,"href":"https:\/\/sertv.gob.pa\/nacionalfm\/wp-json\/wp\/v2\/categories?post=18588"},{"taxonomy":"post_tag","embeddable":true,"href":"https:\/\/sertv.gob.pa\/nacionalfm\/wp-json\/wp\/v2\/tags?post=18588"}],"curies":[{"name":"wp","href":"https:\/\/api.w.org\/{rel}","templated":true}]}}