{"id":18606,"date":"2017-02-23T17:05:32","date_gmt":"2017-02-23T17:05:32","guid":{"rendered":""},"modified":"2017-02-23T17:05:32","modified_gmt":"2017-02-23T17:05:32","slug":"campeones-juveniles-recibidos-en-herrera-con-incentivos","status":"publish","type":"post","link":"https:\/\/sertv.gob.pa\/nacionalfm\/campeones-juveniles-recibidos-en-herrera-con-incentivos\/","title":{"rendered":"Campeones juveniles recibidos en Herrera con incentivos"},"content":{"rendered":"<p>\nLa novena herrerana lleg\u00f3 a la secci\u00f3n de Azuero en horas de la tarde de ayer para celebrar a lo grande un t\u00edtulo que se logra luego de 43 a\u00f1os. <\/p>\n<p>Al llegar a Divisa en su bus oficial, los juveniles campeones cambiaron a un cami\u00f3n, que los trasladar\u00eda hacia el Rico Cede\u00f1o en una caravana junto a su afici\u00f3n que los esperaba desde tempranas horas. <\/p>\n<p>La Alcald\u00eda del Distrito de Santa Mar\u00eda le entreg\u00f3 un pergamino al equipo y tambi\u00e9n un aporte econ\u00f3mico a cada jugador por este t\u00edtulo. <\/p>\n<p>La fiesta final fue en el estadio Rico Cede\u00f1o, sede del equipo herrerano, donde hubo lleno completo y una celebraci\u00f3n por todo lo alto, con el equipo juvenil sobre una tarima en el c\u00e9sped e incluso levantaron el trofeo frente a sus aficionados. <\/p>\n<p>\u00a0 <\/p>\n","protected":false},"excerpt":{"rendered":"<p>La novena herrerana lleg\u00f3 a la secci\u00f3n de Azuero en <a href=\"https:\/\/sertv.gob.pa\/nacionalfm\/campeones-juveniles-recibidos-en-herrera-con-incentivos\/\"> [&#8230;]<\/a><\/p>\n","protected":false},"author":1,"featured_media":18607,"comment_status":"closed","ping_status":"closed","sticky":false,"template":"","format":"standard","meta":{"footnotes":""},"categories":[4],"tags":[],"class_list":["post-18606","post","type-post","status-publish","format-standard","has-post-thumbnail","hentry","category-deportes"],"_links":{"self":[{"href":"https:\/\/sertv.gob.pa\/nacionalfm\/wp-json\/wp\/v2\/posts\/18606","targetHints":{"allow":["GET"]}}],"collection":[{"href":"https:\/\/sertv.gob.pa\/nacionalfm\/wp-json\/wp\/v2\/posts"}],"about":[{"href":"https:\/\/sertv.gob.pa\/nacionalfm\/wp-json\/wp\/v2\/types\/post"}],"author":[{"embeddable":true,"href":"https:\/\/sertv.gob.pa\/nacionalfm\/wp-json\/wp\/v2\/users\/1"}],"replies":[{"embeddable":true,"href":"https:\/\/sertv.gob.pa\/nacionalfm\/wp-json\/wp\/v2\/comments?post=18606"}],"version-history":[{"count":0,"href":"https:\/\/sertv.gob.pa\/nacionalfm\/wp-json\/wp\/v2\/posts\/18606\/revisions"}],"wp:featuredmedia":[{"embeddable":true,"href":"https:\/\/sertv.gob.pa\/nacionalfm\/wp-json\/wp\/v2\/media\/18607"}],"wp:attachment":[{"href":"https:\/\/sertv.gob.pa\/nacionalfm\/wp-json\/wp\/v2\/media?parent=18606"}],"wp:term":[{"taxonomy":"category","embeddable":true,"href":"https:\/\/sertv.gob.pa\/nacionalfm\/wp-json\/wp\/v2\/categories?post=18606"},{"taxonomy":"post_tag","embeddable":true,"href":"https:\/\/sertv.gob.pa\/nacionalfm\/wp-json\/wp\/v2\/tags?post=18606"}],"curies":[{"name":"wp","href":"https:\/\/api.w.org\/{rel}","templated":true}]}}