{"id":18612,"date":"2017-02-23T17:36:54","date_gmt":"2017-02-23T17:36:54","guid":{"rendered":""},"modified":"2017-02-23T17:36:54","modified_gmt":"2017-02-23T17:36:54","slug":"esta-noche-arabe-unido-ante-dallas-en-liga-de-campeones","status":"publish","type":"post","link":"https:\/\/sertv.gob.pa\/nacionalfm\/esta-noche-arabe-unido-ante-dallas-en-liga-de-campeones\/","title":{"rendered":"Esta noche \u00c1rabe Unido ante Dallas en Liga de Campeones"},"content":{"rendered":"<p>\n Esta noche el CD \u00c1rabe Unido se enfrente en el Toyota Stadium de Dallas, Estados Unidos al FC Dallas a las 8 de la noche en importante partido correspondiente a la Liga de Campeones de CONCACAF.  <\/p>\n<p> El objetivo del equipo es conseguir un buen resultado ante Dallas que sirva para cerrar la serie en el Rommel Fern\u00e1ndez, seg\u00fan asegur\u00f3 su t\u00e9cnico Fidel Caesar, capit\u00e1n del &ldquo;Expreso Azul&rdquo;.  <\/p>\n<p> Este partido ser\u00e1 transmitido Sertv, Canal 11 y Nacional FM, Crisol FM y Radio Nacional AM.  <\/p>\n","protected":false},"excerpt":{"rendered":"<p>Esta noche el CD \u00c1rabe Unido se enfrente en el <a href=\"https:\/\/sertv.gob.pa\/nacionalfm\/esta-noche-arabe-unido-ante-dallas-en-liga-de-campeones\/\"> [&#8230;]<\/a><\/p>\n","protected":false},"author":1,"featured_media":18613,"comment_status":"closed","ping_status":"closed","sticky":false,"template":"","format":"standard","meta":{"footnotes":""},"categories":[4],"tags":[],"class_list":["post-18612","post","type-post","status-publish","format-standard","has-post-thumbnail","hentry","category-deportes"],"_links":{"self":[{"href":"https:\/\/sertv.gob.pa\/nacionalfm\/wp-json\/wp\/v2\/posts\/18612","targetHints":{"allow":["GET"]}}],"collection":[{"href":"https:\/\/sertv.gob.pa\/nacionalfm\/wp-json\/wp\/v2\/posts"}],"about":[{"href":"https:\/\/sertv.gob.pa\/nacionalfm\/wp-json\/wp\/v2\/types\/post"}],"author":[{"embeddable":true,"href":"https:\/\/sertv.gob.pa\/nacionalfm\/wp-json\/wp\/v2\/users\/1"}],"replies":[{"embeddable":true,"href":"https:\/\/sertv.gob.pa\/nacionalfm\/wp-json\/wp\/v2\/comments?post=18612"}],"version-history":[{"count":0,"href":"https:\/\/sertv.gob.pa\/nacionalfm\/wp-json\/wp\/v2\/posts\/18612\/revisions"}],"wp:featuredmedia":[{"embeddable":true,"href":"https:\/\/sertv.gob.pa\/nacionalfm\/wp-json\/wp\/v2\/media\/18613"}],"wp:attachment":[{"href":"https:\/\/sertv.gob.pa\/nacionalfm\/wp-json\/wp\/v2\/media?parent=18612"}],"wp:term":[{"taxonomy":"category","embeddable":true,"href":"https:\/\/sertv.gob.pa\/nacionalfm\/wp-json\/wp\/v2\/categories?post=18612"},{"taxonomy":"post_tag","embeddable":true,"href":"https:\/\/sertv.gob.pa\/nacionalfm\/wp-json\/wp\/v2\/tags?post=18612"}],"curies":[{"name":"wp","href":"https:\/\/api.w.org\/{rel}","templated":true}]}}