{"id":18622,"date":"2017-02-23T18:20:51","date_gmt":"2017-02-23T18:20:51","guid":{"rendered":""},"modified":"2017-02-23T18:20:51","modified_gmt":"2017-02-23T18:20:51","slug":"hasta-miercoles-de-ceniza-extienden-alerta-verde-de-salud","status":"publish","type":"post","link":"https:\/\/sertv.gob.pa\/nacionalfm\/hasta-miercoles-de-ceniza-extienden-alerta-verde-de-salud\/","title":{"rendered":"Hasta mi\u00e9rcoles de ceniza extienden Alerta Verde de Salud"},"content":{"rendered":"<p>\nEl Ministerio de Salud (Minsa) puso a disposici\u00f3n 93 Centros de Salud y 20 hospitales que estar\u00e1n abiertos las 24 horas del d\u00eda para los carnavales, confirm\u00f3 el titular de Salud, Miguel Mayo. <\/p>\n<p>Mayo, asegur\u00f3 que toda persona que requiera atenci\u00f3n m\u00e9dica para esos d\u00edas, deber\u00e1 recibirlas en instalaciones del Ministerio de Salud (Minsa) y la Caja del Seguro Social (CSS). <\/p>\n<p>Para el traslado b\u00e1sico de pacientes a nivel nacional se tiene disponible 82 ambulancias terrestres y 19 acu\u00e1ticas reforzadas por la Fuerza de Tarea Conjunta (FTC). <\/p>\n<p>Adem\u00e1s contar\u00e1n con\u00a04,428 funcionarios de salud entre m\u00e9dicos generales, enfermeras, inspectores de alimentos y control de vectores. <\/p>\n<p>La Alerta Verde de Salud que comienza del 24 de febrero al 1 de marzo, involucra 19 Regiones de Salud, instalaciones de la CSS, y Hospitales Privados ante cualquier emergencia. <\/p>\n<p>\u00a0 <\/p>\n","protected":false},"excerpt":{"rendered":"<p>El Ministerio de Salud (Minsa) puso a disposici\u00f3n 93 Centros <a href=\"https:\/\/sertv.gob.pa\/nacionalfm\/hasta-miercoles-de-ceniza-extienden-alerta-verde-de-salud\/\"> [&#8230;]<\/a><\/p>\n","protected":false},"author":1,"featured_media":18623,"comment_status":"closed","ping_status":"closed","sticky":false,"template":"","format":"standard","meta":{"footnotes":""},"categories":[5],"tags":[],"class_list":["post-18622","post","type-post","status-publish","format-standard","has-post-thumbnail","hentry","category-salud"],"_links":{"self":[{"href":"https:\/\/sertv.gob.pa\/nacionalfm\/wp-json\/wp\/v2\/posts\/18622","targetHints":{"allow":["GET"]}}],"collection":[{"href":"https:\/\/sertv.gob.pa\/nacionalfm\/wp-json\/wp\/v2\/posts"}],"about":[{"href":"https:\/\/sertv.gob.pa\/nacionalfm\/wp-json\/wp\/v2\/types\/post"}],"author":[{"embeddable":true,"href":"https:\/\/sertv.gob.pa\/nacionalfm\/wp-json\/wp\/v2\/users\/1"}],"replies":[{"embeddable":true,"href":"https:\/\/sertv.gob.pa\/nacionalfm\/wp-json\/wp\/v2\/comments?post=18622"}],"version-history":[{"count":0,"href":"https:\/\/sertv.gob.pa\/nacionalfm\/wp-json\/wp\/v2\/posts\/18622\/revisions"}],"wp:featuredmedia":[{"embeddable":true,"href":"https:\/\/sertv.gob.pa\/nacionalfm\/wp-json\/wp\/v2\/media\/18623"}],"wp:attachment":[{"href":"https:\/\/sertv.gob.pa\/nacionalfm\/wp-json\/wp\/v2\/media?parent=18622"}],"wp:term":[{"taxonomy":"category","embeddable":true,"href":"https:\/\/sertv.gob.pa\/nacionalfm\/wp-json\/wp\/v2\/categories?post=18622"},{"taxonomy":"post_tag","embeddable":true,"href":"https:\/\/sertv.gob.pa\/nacionalfm\/wp-json\/wp\/v2\/tags?post=18622"}],"curies":[{"name":"wp","href":"https:\/\/api.w.org\/{rel}","templated":true}]}}