{"id":18624,"date":"2017-02-23T18:37:52","date_gmt":"2017-02-23T18:37:52","guid":{"rendered":""},"modified":"2017-02-23T18:37:52","modified_gmt":"2017-02-23T18:37:52","slug":"juegos-indigenas-en-mayo-entre-panama-y-colombia","status":"publish","type":"post","link":"https:\/\/sertv.gob.pa\/nacionalfm\/juegos-indigenas-en-mayo-entre-panama-y-colombia\/","title":{"rendered":"Juegos ind\u00edgenas en mayo entre Panam\u00e1 y Colombia"},"content":{"rendered":"<p>\nPanam\u00e1 y Colombia celebrar\u00e1n en mayo pr\u00f3ximo los Juegos Binacionales Ind\u00edgenas Transfronterizos, previstos a realizarse en la provincia de Dari\u00e9n, como parte de la diplomacia deportiva paname\u00f1a que fomenta las relaciones internacionales, la cooperaci\u00f3n y el intercambio cultural entre los pueblos, en esta ocasi\u00f3n entre naciones vecinas. <\/p>\n<p>Participar\u00e1n 400 atletas ind\u00edgenas \u00a0paname\u00f1os y colombianos en nueve disciplinas, entre estas f\u00fatbol, \u00a0atletismo, pesca deportiva, canotaje, carrera de saco, arco y flecha, palo encebado, sumersi\u00f3n \u00a0y nataci\u00f3n. <\/p>\n<p>Este evento deportivo, que se desarrolla cada dos a\u00f1os, \u00a0esta vez del 17 al 21 de mayo de 2017, en \u00a0el marco \u00a0de la Comisi\u00f3n de Vecindad Panam\u00e1-Colombia, \u00a0contribuir\u00e1 a estrechar los lazos de amistad y sana convivencia entre las comunidades \u00a0 \u00a0Kuna y Embera-Wounnan \u00a0y otros grupos ind\u00edgenas que \u00a0viven en la frontera. <\/p>\n<p>La celebraci\u00f3n de los juegos \u00a0responde a los acuerdos de \u00a0la XVI \u00a0Reuni\u00f3n de la \u00a0Comisi\u00f3n de Vecindad Colombo-Paname\u00f1a, presidida por la Embajadora Nicole Wong, Directora General de Pol\u00edtica Exterior y Ricardo Montenegro Coral, Director de Soberan\u00eda Territorial del Ministerio de Relaciones Exteriores de Colombia, \u00a0celebrada \u00a0en noviembre pasado. <\/p>\n<p>La Canciller\u00eda paname\u00f1a brinda \u00a0todo el apoyo indispensable a PANDEPORTES, Viceministerio de Asuntos Indigenistas, y Servicio Nacional de Fronteras, para que el encuentro consolide \u00a0la convivencia pac\u00edfica \u00a0entre los habitantes de la frontera entre Panam\u00e1 y Colombia. Esta justa deportiva se ver\u00e1 fortalecida con otras actividades como \u00a0muestras artesanales y \u00a0culturales de las diversas comunidades que habitan la zona fronteriza. <\/p>\n","protected":false},"excerpt":{"rendered":"<p>Panam\u00e1 y Colombia celebrar\u00e1n en mayo pr\u00f3ximo los Juegos Binacionales <a href=\"https:\/\/sertv.gob.pa\/nacionalfm\/juegos-indigenas-en-mayo-entre-panama-y-colombia\/\"> [&#8230;]<\/a><\/p>\n","protected":false},"author":1,"featured_media":18625,"comment_status":"closed","ping_status":"closed","sticky":false,"template":"","format":"standard","meta":{"footnotes":""},"categories":[4],"tags":[],"class_list":["post-18624","post","type-post","status-publish","format-standard","has-post-thumbnail","hentry","category-deportes"],"_links":{"self":[{"href":"https:\/\/sertv.gob.pa\/nacionalfm\/wp-json\/wp\/v2\/posts\/18624","targetHints":{"allow":["GET"]}}],"collection":[{"href":"https:\/\/sertv.gob.pa\/nacionalfm\/wp-json\/wp\/v2\/posts"}],"about":[{"href":"https:\/\/sertv.gob.pa\/nacionalfm\/wp-json\/wp\/v2\/types\/post"}],"author":[{"embeddable":true,"href":"https:\/\/sertv.gob.pa\/nacionalfm\/wp-json\/wp\/v2\/users\/1"}],"replies":[{"embeddable":true,"href":"https:\/\/sertv.gob.pa\/nacionalfm\/wp-json\/wp\/v2\/comments?post=18624"}],"version-history":[{"count":0,"href":"https:\/\/sertv.gob.pa\/nacionalfm\/wp-json\/wp\/v2\/posts\/18624\/revisions"}],"wp:featuredmedia":[{"embeddable":true,"href":"https:\/\/sertv.gob.pa\/nacionalfm\/wp-json\/wp\/v2\/media\/18625"}],"wp:attachment":[{"href":"https:\/\/sertv.gob.pa\/nacionalfm\/wp-json\/wp\/v2\/media?parent=18624"}],"wp:term":[{"taxonomy":"category","embeddable":true,"href":"https:\/\/sertv.gob.pa\/nacionalfm\/wp-json\/wp\/v2\/categories?post=18624"},{"taxonomy":"post_tag","embeddable":true,"href":"https:\/\/sertv.gob.pa\/nacionalfm\/wp-json\/wp\/v2\/tags?post=18624"}],"curies":[{"name":"wp","href":"https:\/\/api.w.org\/{rel}","templated":true}]}}