{"id":18630,"date":"2017-02-23T20:49:00","date_gmt":"2017-02-23T20:49:00","guid":{"rendered":""},"modified":"2017-02-23T20:49:00","modified_gmt":"2017-02-23T20:49:00","slug":"culmina-primer-festival-municipal-aprendo-a-nadar","status":"publish","type":"post","link":"https:\/\/sertv.gob.pa\/nacionalfm\/culmina-primer-festival-municipal-aprendo-a-nadar\/","title":{"rendered":"Culmina Primer Festival Municipal Aprendo a Nadar"},"content":{"rendered":"<p>\nEl primer Festival Municipal Aprendo a Nadar en su temporada de verano culmin\u00f3 con competencias en todas las categor\u00edas con la participaci\u00f3n de unos 600 ni\u00f1os y ni\u00f1as residentes en los 23 corregimientos del distrito capital de Panam\u00e1, que se dieron citas en las piscinas municipales. <\/p>\n<p>El programa lo desarrolla la alcald\u00eda de Panam\u00e1 cada dos meses sin costo alguno para ni\u00f1os y ni\u00f1as en edades de 5 a 17 a\u00f1os. Los infantes reciben curso completo de nataci\u00f3n, equipamiento, talleres de autoestima y valores morales, bajo la supervisi\u00f3n de guardavidas y monitores municipales. <\/p>\n<p>Para los interesados las instalaciones est\u00e1n abiertas al p\u00fablico (ni\u00f1os, j\u00f3venes, adultos y tercera edad) de 6:00 de la ma\u00f1ana a 8:00 de la noche. <\/p>\n<p>Los requisitos son:<br \/>\n-Certificado de Buena Salud<br \/>\n-2 fotos tama\u00f1o carn\u00e9<br \/>\n-certificado de nacimiento<br \/>\n-guardar buen comportamiento<br \/>\n-vestido de ba\u00f1o entero (ni\u00f1as) y pantal\u00f3n corto lycra (ni\u00f1os)<br \/>\n-lentes para nataci\u00f3n, gorra y bloqueador solar<br \/>\n-Cumplir con el reglamento de la piscina <\/p>\n<p>\u00a0Los usuarios deben acatar lo establecido en la ley No.55 de 10 de julio de 1973, la cual establece la prohibici\u00f3n de ventas y consumo de bebidas alcoh\u00f3licas dentro y fuera de las instalaciones municipales. <\/p>\n","protected":false},"excerpt":{"rendered":"<p>El primer Festival Municipal Aprendo a Nadar en su temporada <a href=\"https:\/\/sertv.gob.pa\/nacionalfm\/culmina-primer-festival-municipal-aprendo-a-nadar\/\"> [&#8230;]<\/a><\/p>\n","protected":false},"author":1,"featured_media":18631,"comment_status":"closed","ping_status":"closed","sticky":false,"template":"","format":"standard","meta":{"footnotes":""},"categories":[4],"tags":[],"class_list":["post-18630","post","type-post","status-publish","format-standard","has-post-thumbnail","hentry","category-deportes"],"_links":{"self":[{"href":"https:\/\/sertv.gob.pa\/nacionalfm\/wp-json\/wp\/v2\/posts\/18630","targetHints":{"allow":["GET"]}}],"collection":[{"href":"https:\/\/sertv.gob.pa\/nacionalfm\/wp-json\/wp\/v2\/posts"}],"about":[{"href":"https:\/\/sertv.gob.pa\/nacionalfm\/wp-json\/wp\/v2\/types\/post"}],"author":[{"embeddable":true,"href":"https:\/\/sertv.gob.pa\/nacionalfm\/wp-json\/wp\/v2\/users\/1"}],"replies":[{"embeddable":true,"href":"https:\/\/sertv.gob.pa\/nacionalfm\/wp-json\/wp\/v2\/comments?post=18630"}],"version-history":[{"count":0,"href":"https:\/\/sertv.gob.pa\/nacionalfm\/wp-json\/wp\/v2\/posts\/18630\/revisions"}],"wp:featuredmedia":[{"embeddable":true,"href":"https:\/\/sertv.gob.pa\/nacionalfm\/wp-json\/wp\/v2\/media\/18631"}],"wp:attachment":[{"href":"https:\/\/sertv.gob.pa\/nacionalfm\/wp-json\/wp\/v2\/media?parent=18630"}],"wp:term":[{"taxonomy":"category","embeddable":true,"href":"https:\/\/sertv.gob.pa\/nacionalfm\/wp-json\/wp\/v2\/categories?post=18630"},{"taxonomy":"post_tag","embeddable":true,"href":"https:\/\/sertv.gob.pa\/nacionalfm\/wp-json\/wp\/v2\/tags?post=18630"}],"curies":[{"name":"wp","href":"https:\/\/api.w.org\/{rel}","templated":true}]}}