{"id":18632,"date":"2017-02-23T21:37:40","date_gmt":"2017-02-23T21:37:40","guid":{"rendered":""},"modified":"2017-02-23T21:37:40","modified_gmt":"2017-02-23T21:37:40","slug":"veraguas-revela-nomina-para-beisbol-mayor","status":"publish","type":"post","link":"https:\/\/sertv.gob.pa\/nacionalfm\/veraguas-revela-nomina-para-beisbol-mayor\/","title":{"rendered":"Veraguas revela n\u00f3mina  para B\u00e9isbol Mayor"},"content":{"rendered":"<p>\nLa novena mayor de la provincia de Veraguas est\u00e1 compuesta por los lanzadores Abraham Atencio, Rafael Rodr\u00edguez,\u00a0 Alexis Pinto Oliver , Arcia, \u00a0Milciades Mojica Frank, \u00a0Gil Ram\u00f3n Rodr\u00edguez, Abraham Atencio Jr. y los venezolanos Cruz Guevara y Joseph Ortiz. <\/p>\n<p>Como receptores Adolfo Reina, David Gonz\u00e1lez y Rub\u00e9n Sinclair. <\/p>\n<p>En el cuadro interior se encuentran Abdiel Carrasco, Ulises Montilla, Joshwar Castro, Pedro Reina y \u00c1lvaro Guevara. <\/p>\n<p>Los jardineros son Otto Castillo, Luis Durango, Miguel Atencio, David Montilla y Julio Aparicio. <\/p>\n<p>El cuerpo t\u00e9cnico lo integran, Aristides Bustamante como Director T\u00e9cnico, como asistentes, Mart\u00edn Ledezma, Roberto Aizpr\u00faa, Alexis Melgar y Alfonso Brown. <\/p>\n","protected":false},"excerpt":{"rendered":"<p>La novena mayor de la provincia de Veraguas est\u00e1 compuesta <a href=\"https:\/\/sertv.gob.pa\/nacionalfm\/veraguas-revela-nomina-para-beisbol-mayor\/\"> [&#8230;]<\/a><\/p>\n","protected":false},"author":1,"featured_media":18633,"comment_status":"closed","ping_status":"closed","sticky":false,"template":"","format":"standard","meta":{"footnotes":""},"categories":[4],"tags":[],"class_list":["post-18632","post","type-post","status-publish","format-standard","has-post-thumbnail","hentry","category-deportes"],"_links":{"self":[{"href":"https:\/\/sertv.gob.pa\/nacionalfm\/wp-json\/wp\/v2\/posts\/18632","targetHints":{"allow":["GET"]}}],"collection":[{"href":"https:\/\/sertv.gob.pa\/nacionalfm\/wp-json\/wp\/v2\/posts"}],"about":[{"href":"https:\/\/sertv.gob.pa\/nacionalfm\/wp-json\/wp\/v2\/types\/post"}],"author":[{"embeddable":true,"href":"https:\/\/sertv.gob.pa\/nacionalfm\/wp-json\/wp\/v2\/users\/1"}],"replies":[{"embeddable":true,"href":"https:\/\/sertv.gob.pa\/nacionalfm\/wp-json\/wp\/v2\/comments?post=18632"}],"version-history":[{"count":0,"href":"https:\/\/sertv.gob.pa\/nacionalfm\/wp-json\/wp\/v2\/posts\/18632\/revisions"}],"wp:featuredmedia":[{"embeddable":true,"href":"https:\/\/sertv.gob.pa\/nacionalfm\/wp-json\/wp\/v2\/media\/18633"}],"wp:attachment":[{"href":"https:\/\/sertv.gob.pa\/nacionalfm\/wp-json\/wp\/v2\/media?parent=18632"}],"wp:term":[{"taxonomy":"category","embeddable":true,"href":"https:\/\/sertv.gob.pa\/nacionalfm\/wp-json\/wp\/v2\/categories?post=18632"},{"taxonomy":"post_tag","embeddable":true,"href":"https:\/\/sertv.gob.pa\/nacionalfm\/wp-json\/wp\/v2\/tags?post=18632"}],"curies":[{"name":"wp","href":"https:\/\/api.w.org\/{rel}","templated":true}]}}