{"id":18654,"date":"2017-02-24T16:32:39","date_gmt":"2017-02-24T16:32:39","guid":{"rendered":""},"modified":"2017-02-24T16:32:39","modified_gmt":"2017-02-24T16:32:39","slug":"arabe-unido-pierde-por-goleada-ante-el-dallas","status":"publish","type":"post","link":"https:\/\/sertv.gob.pa\/nacionalfm\/arabe-unido-pierde-por-goleada-ante-el-dallas\/","title":{"rendered":"\u00c1rabe Unido pierde por goleada ante el Dallas"},"content":{"rendered":"<p>\nEl \u00c1rabe Unido de Col\u00f3n cay\u00f3 por goleada de 4-0 ante el FC Dalas en el Toyota Stadium de Dallas, Estados Unidos, en partido correspondiente a la Liga de Campeones de la CONCACAF. <\/p>\n<p>El primer gol cay\u00f3 a los 30 minutos del partido por medio de Christian Colman, al minuto 55 anot\u00f3 Kell\u00edn Acosta quien repiti\u00f3 a los 86 y cierra con broche de oro para el equipo norteamericano Michael Barrios al minuto 90. <\/p>\n<p>El \u00c1rabe Unido y el FC Dallas volver\u00e1n a medirse el pr\u00f3ximo mi\u00e9rcoles 1 de marzo en el estadio Maracan\u00e1 en partido de vuelta. <\/p>\n<p>El primer partido Arabe Unido-Dallas fue transmitido por Sertv, Nacional FM, Crisol FM y Radio Nacional AM. <\/p>\n","protected":false},"excerpt":{"rendered":"<p>El \u00c1rabe Unido de Col\u00f3n cay\u00f3 por goleada de 4-0 <a href=\"https:\/\/sertv.gob.pa\/nacionalfm\/arabe-unido-pierde-por-goleada-ante-el-dallas\/\"> [&#8230;]<\/a><\/p>\n","protected":false},"author":1,"featured_media":18655,"comment_status":"closed","ping_status":"closed","sticky":false,"template":"","format":"standard","meta":{"footnotes":""},"categories":[4],"tags":[],"class_list":["post-18654","post","type-post","status-publish","format-standard","has-post-thumbnail","hentry","category-deportes"],"_links":{"self":[{"href":"https:\/\/sertv.gob.pa\/nacionalfm\/wp-json\/wp\/v2\/posts\/18654","targetHints":{"allow":["GET"]}}],"collection":[{"href":"https:\/\/sertv.gob.pa\/nacionalfm\/wp-json\/wp\/v2\/posts"}],"about":[{"href":"https:\/\/sertv.gob.pa\/nacionalfm\/wp-json\/wp\/v2\/types\/post"}],"author":[{"embeddable":true,"href":"https:\/\/sertv.gob.pa\/nacionalfm\/wp-json\/wp\/v2\/users\/1"}],"replies":[{"embeddable":true,"href":"https:\/\/sertv.gob.pa\/nacionalfm\/wp-json\/wp\/v2\/comments?post=18654"}],"version-history":[{"count":0,"href":"https:\/\/sertv.gob.pa\/nacionalfm\/wp-json\/wp\/v2\/posts\/18654\/revisions"}],"wp:featuredmedia":[{"embeddable":true,"href":"https:\/\/sertv.gob.pa\/nacionalfm\/wp-json\/wp\/v2\/media\/18655"}],"wp:attachment":[{"href":"https:\/\/sertv.gob.pa\/nacionalfm\/wp-json\/wp\/v2\/media?parent=18654"}],"wp:term":[{"taxonomy":"category","embeddable":true,"href":"https:\/\/sertv.gob.pa\/nacionalfm\/wp-json\/wp\/v2\/categories?post=18654"},{"taxonomy":"post_tag","embeddable":true,"href":"https:\/\/sertv.gob.pa\/nacionalfm\/wp-json\/wp\/v2\/tags?post=18654"}],"curies":[{"name":"wp","href":"https:\/\/api.w.org\/{rel}","templated":true}]}}