{"id":18670,"date":"2017-02-24T18:30:26","date_gmt":"2017-02-24T18:30:26","guid":{"rendered":""},"modified":"2017-02-24T18:30:26","modified_gmt":"2017-02-24T18:30:26","slug":"pelea-eliminatoria-chemito-moreno-y-mexicano-ceja-a-subasta","status":"publish","type":"post","link":"https:\/\/sertv.gob.pa\/nacionalfm\/pelea-eliminatoria-chemito-moreno-y-mexicano-ceja-a-subasta\/","title":{"rendered":"Pelea eliminatoria \u201cChemito\u201d Moreno y mexicano Ceja a subasta"},"content":{"rendered":"<p>\nLa pelea eliminatoria por t\u00edtulo plata supergallo de las 122 libras del Consejo Mundial de boxeo ante el mexicano Julio &ldquo;Pollito&rdquo; Ceja, se definir\u00e1 por medio de subasta el pr\u00f3ximo 3 de marzo en el Distrito Federal. <\/p>\n<p>La apoderada y esposa de &ldquo;Chemito&rdquo; Moreno, Rous Laguna de Moreno, manifest\u00f3 que su esposo estar\u00e1 representado por su empresa Laguna Premium Boxing Promotions y que utilizar\u00e1 todos los recursos para ganar la subasta y traerla a Panam\u00e1. <\/p>\n<p>El ganador del pleito entre Moreno y Ceja se medir\u00e1 en septiembre al vencedor de la pelea de este s\u00e1bado entre el mexicano Rey Vargas y el brit\u00e1nico Gavin McDonnell, por el cetro el vacante t\u00edtulo supergallo del CMB. <\/p>\n<p>En su \u00faltima pelea, el paname\u00f1o viene de perder por nocaut en la revancha ante el japon\u00e9s Shinsuke Yamanaka en Osaka, Jap\u00f3n. <\/p>\n<p>Mientras que &lsquo;Pollito&#8217; Ceja tambi\u00e9n viene de caer por KOT ante su compatriota Hugo &lsquo;Cuatito&#8217; Ruiz y as\u00ed perdi\u00f3 su faja de las 122 libras de la CMB. <\/p>\n<p>\u00a0 <\/p>\n","protected":false},"excerpt":{"rendered":"<p>La pelea eliminatoria por t\u00edtulo plata supergallo de las 122 <a href=\"https:\/\/sertv.gob.pa\/nacionalfm\/pelea-eliminatoria-chemito-moreno-y-mexicano-ceja-a-subasta\/\"> [&#8230;]<\/a><\/p>\n","protected":false},"author":1,"featured_media":18671,"comment_status":"closed","ping_status":"closed","sticky":false,"template":"","format":"standard","meta":{"footnotes":""},"categories":[4],"tags":[],"class_list":["post-18670","post","type-post","status-publish","format-standard","has-post-thumbnail","hentry","category-deportes"],"_links":{"self":[{"href":"https:\/\/sertv.gob.pa\/nacionalfm\/wp-json\/wp\/v2\/posts\/18670","targetHints":{"allow":["GET"]}}],"collection":[{"href":"https:\/\/sertv.gob.pa\/nacionalfm\/wp-json\/wp\/v2\/posts"}],"about":[{"href":"https:\/\/sertv.gob.pa\/nacionalfm\/wp-json\/wp\/v2\/types\/post"}],"author":[{"embeddable":true,"href":"https:\/\/sertv.gob.pa\/nacionalfm\/wp-json\/wp\/v2\/users\/1"}],"replies":[{"embeddable":true,"href":"https:\/\/sertv.gob.pa\/nacionalfm\/wp-json\/wp\/v2\/comments?post=18670"}],"version-history":[{"count":0,"href":"https:\/\/sertv.gob.pa\/nacionalfm\/wp-json\/wp\/v2\/posts\/18670\/revisions"}],"wp:featuredmedia":[{"embeddable":true,"href":"https:\/\/sertv.gob.pa\/nacionalfm\/wp-json\/wp\/v2\/media\/18671"}],"wp:attachment":[{"href":"https:\/\/sertv.gob.pa\/nacionalfm\/wp-json\/wp\/v2\/media?parent=18670"}],"wp:term":[{"taxonomy":"category","embeddable":true,"href":"https:\/\/sertv.gob.pa\/nacionalfm\/wp-json\/wp\/v2\/categories?post=18670"},{"taxonomy":"post_tag","embeddable":true,"href":"https:\/\/sertv.gob.pa\/nacionalfm\/wp-json\/wp\/v2\/tags?post=18670"}],"curies":[{"name":"wp","href":"https:\/\/api.w.org\/{rel}","templated":true}]}}