{"id":18676,"date":"2017-02-24T19:12:16","date_gmt":"2017-02-24T19:12:16","guid":{"rendered":""},"modified":"2017-02-24T19:12:16","modified_gmt":"2017-02-24T19:12:16","slug":"panameno-john-pitti-pita-partido-mexico-costa-rica","status":"publish","type":"post","link":"https:\/\/sertv.gob.pa\/nacionalfm\/panameno-john-pitti-pita-partido-mexico-costa-rica\/","title":{"rendered":"Paname\u00f1o John Pitti pita partido M\u00e9xico &#8211; Costa Rica"},"content":{"rendered":"<p>\nEl paname\u00f1o John Pitt\u00ed pitar\u00e1 partido eliminatorio que sostendr\u00e1n los oncenos de M\u00e9xico y Costa Rica el pr\u00f3ximo 24 de marzo en el estadio Azteca. <\/p>\n<p>As\u00ed lo anunci\u00f3 la Federaci\u00f3n Internacional de F\u00fatbol Asociaci\u00f3n (FIFA) a trav\u00e9s de un comunicado que lleva la firma de Gordon Savic,\u00a0jefe de clasificatorias y partidos internacionales del ente rector del f\u00fatbol. <\/p>\n<p>Para este partido, FIFA design\u00f3 a los tambi\u00e9n paname\u00f1os Gabriel Victoria y Jafeth Perea como primer asistente y cuarto \u00e1rbitro, respectivamente. El hondure\u00f1o Christian Ram\u00edrez ser\u00e1 el segundo asistente. <\/p>\n<p>Como asesor arbitral fungir\u00e1 el estadounidense Brian Hall, mientras que el trinitense Norris Ferguson ser\u00e1 el comisionado. <\/p>\n<p>\u00a0 <\/p>\n<p>\u00a0 <\/p>\n","protected":false},"excerpt":{"rendered":"<p>El paname\u00f1o John Pitt\u00ed pitar\u00e1 partido eliminatorio que sostendr\u00e1n los <a href=\"https:\/\/sertv.gob.pa\/nacionalfm\/panameno-john-pitti-pita-partido-mexico-costa-rica\/\"> [&#8230;]<\/a><\/p>\n","protected":false},"author":1,"featured_media":18677,"comment_status":"closed","ping_status":"closed","sticky":false,"template":"","format":"standard","meta":{"footnotes":""},"categories":[4],"tags":[],"class_list":["post-18676","post","type-post","status-publish","format-standard","has-post-thumbnail","hentry","category-deportes"],"_links":{"self":[{"href":"https:\/\/sertv.gob.pa\/nacionalfm\/wp-json\/wp\/v2\/posts\/18676","targetHints":{"allow":["GET"]}}],"collection":[{"href":"https:\/\/sertv.gob.pa\/nacionalfm\/wp-json\/wp\/v2\/posts"}],"about":[{"href":"https:\/\/sertv.gob.pa\/nacionalfm\/wp-json\/wp\/v2\/types\/post"}],"author":[{"embeddable":true,"href":"https:\/\/sertv.gob.pa\/nacionalfm\/wp-json\/wp\/v2\/users\/1"}],"replies":[{"embeddable":true,"href":"https:\/\/sertv.gob.pa\/nacionalfm\/wp-json\/wp\/v2\/comments?post=18676"}],"version-history":[{"count":0,"href":"https:\/\/sertv.gob.pa\/nacionalfm\/wp-json\/wp\/v2\/posts\/18676\/revisions"}],"wp:featuredmedia":[{"embeddable":true,"href":"https:\/\/sertv.gob.pa\/nacionalfm\/wp-json\/wp\/v2\/media\/18677"}],"wp:attachment":[{"href":"https:\/\/sertv.gob.pa\/nacionalfm\/wp-json\/wp\/v2\/media?parent=18676"}],"wp:term":[{"taxonomy":"category","embeddable":true,"href":"https:\/\/sertv.gob.pa\/nacionalfm\/wp-json\/wp\/v2\/categories?post=18676"},{"taxonomy":"post_tag","embeddable":true,"href":"https:\/\/sertv.gob.pa\/nacionalfm\/wp-json\/wp\/v2\/tags?post=18676"}],"curies":[{"name":"wp","href":"https:\/\/api.w.org\/{rel}","templated":true}]}}