{"id":18678,"date":"2017-02-24T19:36:10","date_gmt":"2017-02-24T19:36:10","guid":{"rendered":""},"modified":"2017-02-24T19:36:10","modified_gmt":"2017-02-24T19:36:10","slug":"complejo-deportivo-de-felipillo-en-etapa-de-retoques","status":"publish","type":"post","link":"https:\/\/sertv.gob.pa\/nacionalfm\/complejo-deportivo-de-felipillo-en-etapa-de-retoques\/","title":{"rendered":"Complejo Deportivo de Felipillo en etapa de retoques"},"content":{"rendered":"<p>\nEn etapa de retoques se encuentran los trabajos de la construcci\u00f3n del Complejo Deportivo de Felipillo con un 98 % de avances de la infraestructura que beneficiar\u00e1 a miles de personas residentes en el \u00e1rea. <\/p>\n<p>El Complejo Deportivo de Felipillo contar\u00e1 con un campo de b\u00e9isbol con grama natural de 4,463.73 metros cuadrados, una cancha multiuso de 1, 116 metros cuadrados, ba\u00f1os y vestidores, una cancha de f\u00fatbol con medida de 40 x 20 metros cuadrados, gradas e iluminaci\u00f3n y una peatonal que recorre las instalaciones acondicionada para correr o caminar que incluye la reforestaci\u00f3n de \u00e1rboles en el per\u00edmetro. <\/p>\n<p>Esta obra forma parte del Plan General de Intervenci\u00f3n de Espacios e Instalaciones Deportivas que desarrolla la Alcald\u00eda de Panam\u00e1 y tiene un costo de B\/ 1, 460, 367.07 (un mill\u00f3n cuatrocientos sesenta mil, trescientos sesenta y siete balboas con siete centavos). <\/p>\n<p>El alcalde Jos\u00e9 Bland\u00f3n Figueroa tiene programada una inspecci\u00f3n al lugar en los pr\u00f3ximos d\u00edas, cumplido el 100 por ciento de los requisitos en la culminaci\u00f3n de los trabajos se realizar\u00e1 el acto formal de su inauguraci\u00f3n. <\/p>\n<p>\u00a0 <\/p>\n","protected":false},"excerpt":{"rendered":"<p>En etapa de retoques se encuentran los trabajos de la <a href=\"https:\/\/sertv.gob.pa\/nacionalfm\/complejo-deportivo-de-felipillo-en-etapa-de-retoques\/\"> [&#8230;]<\/a><\/p>\n","protected":false},"author":1,"featured_media":18679,"comment_status":"closed","ping_status":"closed","sticky":false,"template":"","format":"standard","meta":{"footnotes":""},"categories":[4],"tags":[],"class_list":["post-18678","post","type-post","status-publish","format-standard","has-post-thumbnail","hentry","category-deportes"],"_links":{"self":[{"href":"https:\/\/sertv.gob.pa\/nacionalfm\/wp-json\/wp\/v2\/posts\/18678","targetHints":{"allow":["GET"]}}],"collection":[{"href":"https:\/\/sertv.gob.pa\/nacionalfm\/wp-json\/wp\/v2\/posts"}],"about":[{"href":"https:\/\/sertv.gob.pa\/nacionalfm\/wp-json\/wp\/v2\/types\/post"}],"author":[{"embeddable":true,"href":"https:\/\/sertv.gob.pa\/nacionalfm\/wp-json\/wp\/v2\/users\/1"}],"replies":[{"embeddable":true,"href":"https:\/\/sertv.gob.pa\/nacionalfm\/wp-json\/wp\/v2\/comments?post=18678"}],"version-history":[{"count":0,"href":"https:\/\/sertv.gob.pa\/nacionalfm\/wp-json\/wp\/v2\/posts\/18678\/revisions"}],"wp:featuredmedia":[{"embeddable":true,"href":"https:\/\/sertv.gob.pa\/nacionalfm\/wp-json\/wp\/v2\/media\/18679"}],"wp:attachment":[{"href":"https:\/\/sertv.gob.pa\/nacionalfm\/wp-json\/wp\/v2\/media?parent=18678"}],"wp:term":[{"taxonomy":"category","embeddable":true,"href":"https:\/\/sertv.gob.pa\/nacionalfm\/wp-json\/wp\/v2\/categories?post=18678"},{"taxonomy":"post_tag","embeddable":true,"href":"https:\/\/sertv.gob.pa\/nacionalfm\/wp-json\/wp\/v2\/tags?post=18678"}],"curies":[{"name":"wp","href":"https:\/\/api.w.org\/{rel}","templated":true}]}}