{"id":18694,"date":"2017-03-01T16:10:05","date_gmt":"2017-03-01T16:10:05","guid":{"rendered":""},"modified":"2017-03-01T16:10:05","modified_gmt":"2017-03-01T16:10:05","slug":"finaliza-mundial-del-barrio","status":"publish","type":"post","link":"https:\/\/sertv.gob.pa\/nacionalfm\/finaliza-mundial-del-barrio\/","title":{"rendered":"Finaliza Mundial del Barrio"},"content":{"rendered":"<p>\nEn\u00a0 la gran final del XVI Mundial de Barrio Copa Rey Activo 20-30, el equipo de la Universidad de Polic\u00eda Comunitaria se coron\u00f3 campe\u00f3n al derrotar dram\u00e1ticamente por penales 6-5 a su similar de Barraza, en partido disputado en el estadio Maracan\u00e1, con la presencia del Sub-director del Institruto Paname\u00f1o de Deportes, Mario P\u00e9rez. <\/p>\n<p>El tanto de los aguerridos UPC fue obra de Luis Lasso mientras que por Barraza lo anotar\u00eda V\u00edctor Murillo de chilena en el \u00e1rea chica ante la emoci\u00f3n de su barra, sin embargo el empate en el cotejo se extender\u00eda hasta su tiempo reglamentario y se ir\u00e1n a la tanda de los doce pasos donde los primeros se alzar\u00edan con la copa. <\/p>\n<p>Mientras que en la Sub-15, con un tanto de Jhamal Deckenz el conjunto de Santa Ana dobleg\u00f3 por 1-0 a Archipi\u00e9lago de Las Perlas en choque no apto para cardiacos y en la Sub-5, el equipo de Patio Pinel venci\u00f3 en penales por 3-1 al Atl\u00e9tico Nacional. <\/p>\n<p>Por su parte, P\u00e9rez destac\u00f3 que Pandeportes siempre estar\u00e1 al lado del Mundial del Barrio y felicit\u00f3 al Movimiento Nueva Generaci\u00f3n por la organizaci\u00f3n de este torneo que re\u00fane a cerca de 11 mil ni\u00f1os de todo el pa\u00eds cada verano y donde se le ense\u00f1a que los valores y el trabajo en equipo es lo m\u00e1s importante. <\/p>\n","protected":false},"excerpt":{"rendered":"<p>En\u00a0 la gran final del XVI Mundial de Barrio Copa <a href=\"https:\/\/sertv.gob.pa\/nacionalfm\/finaliza-mundial-del-barrio\/\"> [&#8230;]<\/a><\/p>\n","protected":false},"author":1,"featured_media":18695,"comment_status":"closed","ping_status":"closed","sticky":false,"template":"","format":"standard","meta":{"footnotes":""},"categories":[4],"tags":[],"class_list":["post-18694","post","type-post","status-publish","format-standard","has-post-thumbnail","hentry","category-deportes"],"_links":{"self":[{"href":"https:\/\/sertv.gob.pa\/nacionalfm\/wp-json\/wp\/v2\/posts\/18694","targetHints":{"allow":["GET"]}}],"collection":[{"href":"https:\/\/sertv.gob.pa\/nacionalfm\/wp-json\/wp\/v2\/posts"}],"about":[{"href":"https:\/\/sertv.gob.pa\/nacionalfm\/wp-json\/wp\/v2\/types\/post"}],"author":[{"embeddable":true,"href":"https:\/\/sertv.gob.pa\/nacionalfm\/wp-json\/wp\/v2\/users\/1"}],"replies":[{"embeddable":true,"href":"https:\/\/sertv.gob.pa\/nacionalfm\/wp-json\/wp\/v2\/comments?post=18694"}],"version-history":[{"count":0,"href":"https:\/\/sertv.gob.pa\/nacionalfm\/wp-json\/wp\/v2\/posts\/18694\/revisions"}],"wp:featuredmedia":[{"embeddable":true,"href":"https:\/\/sertv.gob.pa\/nacionalfm\/wp-json\/wp\/v2\/media\/18695"}],"wp:attachment":[{"href":"https:\/\/sertv.gob.pa\/nacionalfm\/wp-json\/wp\/v2\/media?parent=18694"}],"wp:term":[{"taxonomy":"category","embeddable":true,"href":"https:\/\/sertv.gob.pa\/nacionalfm\/wp-json\/wp\/v2\/categories?post=18694"},{"taxonomy":"post_tag","embeddable":true,"href":"https:\/\/sertv.gob.pa\/nacionalfm\/wp-json\/wp\/v2\/tags?post=18694"}],"curies":[{"name":"wp","href":"https:\/\/api.w.org\/{rel}","templated":true}]}}