{"id":18696,"date":"2017-03-01T16:26:38","date_gmt":"2017-03-01T16:26:38","guid":{"rendered":""},"modified":"2017-03-01T16:26:38","modified_gmt":"2017-03-01T16:26:38","slug":"panama-debuta-en-mundial-futbol-playa-ante-campeon-portugal","status":"publish","type":"post","link":"https:\/\/sertv.gob.pa\/nacionalfm\/panama-debuta-en-mundial-futbol-playa-ante-campeon-portugal\/","title":{"rendered":"Panam\u00e1 debuta en Mundial F\u00fatbol Playa ante campe\u00f3n Portugal"},"content":{"rendered":"<p>\nEl pr\u00f3ximo 27 de abril Panam\u00e1 debuta en el Campeonato Mundial de F\u00fatbol Playa de Bahamas ante el campe\u00f3n Portugal, partido correspondiente al Grupo C. <\/p>\n<p>Eso mediante sorteo de grupos efectuado en Nassau, capital de Bahamas, y en el que se conoci\u00f3 adem\u00e1s que Paraguay y el subcampe\u00f3n de la elimnatoria de Asia ser\u00e1n los otros d <\/p>\n<p>Panam\u00e1 debutar\u00e1 ante Portugal, campe\u00f3n defensor, en el mundial de f\u00fatbol playa de Bahamas que inicia el pr\u00f3ximo 27 de abril. <\/p>\n<p>As\u00ed lo determin\u00f3 el sorteo de grupos desarrollado esta noche en Nassau, capital de Bahamas. <\/p>\n<p>Adem\u00e1s de Portugal Panam\u00e1 comparte el Grupo C con Paraguay y Asia 2. <\/p>\n<p>Panam\u00e1, flamante campe\u00f3n de la CONCACAF luego de vencer a M\u00e9xico en la final y de eliminar a pa\u00edses con mayor tradici\u00f3n en este deporte como Costa Rica, El Salvador y Estados Unidos, participa por primera vez en un mundial de esta categor\u00eda. <\/p>\n<p>\u00a0 <\/p>\n","protected":false},"excerpt":{"rendered":"<p>El pr\u00f3ximo 27 de abril Panam\u00e1 debuta en el Campeonato <a href=\"https:\/\/sertv.gob.pa\/nacionalfm\/panama-debuta-en-mundial-futbol-playa-ante-campeon-portugal\/\"> [&#8230;]<\/a><\/p>\n","protected":false},"author":1,"featured_media":18697,"comment_status":"closed","ping_status":"closed","sticky":false,"template":"","format":"standard","meta":{"footnotes":""},"categories":[4],"tags":[],"class_list":["post-18696","post","type-post","status-publish","format-standard","has-post-thumbnail","hentry","category-deportes"],"_links":{"self":[{"href":"https:\/\/sertv.gob.pa\/nacionalfm\/wp-json\/wp\/v2\/posts\/18696","targetHints":{"allow":["GET"]}}],"collection":[{"href":"https:\/\/sertv.gob.pa\/nacionalfm\/wp-json\/wp\/v2\/posts"}],"about":[{"href":"https:\/\/sertv.gob.pa\/nacionalfm\/wp-json\/wp\/v2\/types\/post"}],"author":[{"embeddable":true,"href":"https:\/\/sertv.gob.pa\/nacionalfm\/wp-json\/wp\/v2\/users\/1"}],"replies":[{"embeddable":true,"href":"https:\/\/sertv.gob.pa\/nacionalfm\/wp-json\/wp\/v2\/comments?post=18696"}],"version-history":[{"count":0,"href":"https:\/\/sertv.gob.pa\/nacionalfm\/wp-json\/wp\/v2\/posts\/18696\/revisions"}],"wp:featuredmedia":[{"embeddable":true,"href":"https:\/\/sertv.gob.pa\/nacionalfm\/wp-json\/wp\/v2\/media\/18697"}],"wp:attachment":[{"href":"https:\/\/sertv.gob.pa\/nacionalfm\/wp-json\/wp\/v2\/media?parent=18696"}],"wp:term":[{"taxonomy":"category","embeddable":true,"href":"https:\/\/sertv.gob.pa\/nacionalfm\/wp-json\/wp\/v2\/categories?post=18696"},{"taxonomy":"post_tag","embeddable":true,"href":"https:\/\/sertv.gob.pa\/nacionalfm\/wp-json\/wp\/v2\/tags?post=18696"}],"curies":[{"name":"wp","href":"https:\/\/api.w.org\/{rel}","templated":true}]}}