{"id":187,"date":"2014-07-09T05:00:00","date_gmt":"2014-07-09T05:00:00","guid":{"rendered":""},"modified":"2014-07-09T05:00:00","modified_gmt":"2014-07-09T05:00:00","slug":"pronto-vamos-a-dar-una-buena-noticia-en-azuero-senala-terrientes","status":"publish","type":"post","link":"https:\/\/sertv.gob.pa\/nacionalfm\/pronto-vamos-a-dar-una-buena-noticia-en-azuero-senala-terrientes\/","title":{"rendered":"Pronto vamos a dar una buena noticia en Azuero, se\u00f1ala Terrientes"},"content":{"rendered":"<p>\nEl  ministro de Salud ,  Jos\u00e9 Terrientes,  asegur\u00f3 que pronto se resolver\u00e1 \u00a0la crisis del agua en la r egi\u00f3n de Azuero  por la  contaminaci\u00f3n  del  r\u00edo La Villa.  <\/p>\n<p> \u00abPronto vamos a dar una buena noticia en Azuero. Se est\u00e1 revisando y haciendo pruebas en el agua para definir los niveles de atrazina\u00bb, indic\u00f3 Terrientes a Noticias AM.\u00a0  <\/p>\n<p>El pasado 30 de junio el  Ministerio de Salud  recomend\u00f3 no consumir el  agua  del  r\u00edo La Villa  \u00a0porque hallaron altos niveles de atrazina. Por esta raz\u00f3n y hasta el d\u00eda de hoy, 9 de julio las potabilizadoras suspendieron las operaciones. <\/p>\n<p>La  Cruz Roja   de Panam\u00e1 , el  Sistema Nacional de Protecci\u00f3n Civil , el  Cuerpo de Bomberos , entre otros estamentos, est\u00e1n repartiendo agua por las zonas afectadas.\u00a0 @nacionalFm <\/p>\n<p>\u00a0 <\/p>\n","protected":false},"excerpt":{"rendered":"<p>El ministro de Salud , Jos\u00e9 Terrientes, asegur\u00f3 que pronto <a href=\"https:\/\/sertv.gob.pa\/nacionalfm\/pronto-vamos-a-dar-una-buena-noticia-en-azuero-senala-terrientes\/\"> [&#8230;]<\/a><\/p>\n","protected":false},"author":1,"featured_media":188,"comment_status":"closed","ping_status":"closed","sticky":false,"template":"","format":"standard","meta":{"footnotes":""},"categories":[5],"tags":[],"class_list":["post-187","post","type-post","status-publish","format-standard","has-post-thumbnail","hentry","category-salud"],"_links":{"self":[{"href":"https:\/\/sertv.gob.pa\/nacionalfm\/wp-json\/wp\/v2\/posts\/187","targetHints":{"allow":["GET"]}}],"collection":[{"href":"https:\/\/sertv.gob.pa\/nacionalfm\/wp-json\/wp\/v2\/posts"}],"about":[{"href":"https:\/\/sertv.gob.pa\/nacionalfm\/wp-json\/wp\/v2\/types\/post"}],"author":[{"embeddable":true,"href":"https:\/\/sertv.gob.pa\/nacionalfm\/wp-json\/wp\/v2\/users\/1"}],"replies":[{"embeddable":true,"href":"https:\/\/sertv.gob.pa\/nacionalfm\/wp-json\/wp\/v2\/comments?post=187"}],"version-history":[{"count":0,"href":"https:\/\/sertv.gob.pa\/nacionalfm\/wp-json\/wp\/v2\/posts\/187\/revisions"}],"wp:featuredmedia":[{"embeddable":true,"href":"https:\/\/sertv.gob.pa\/nacionalfm\/wp-json\/wp\/v2\/media\/188"}],"wp:attachment":[{"href":"https:\/\/sertv.gob.pa\/nacionalfm\/wp-json\/wp\/v2\/media?parent=187"}],"wp:term":[{"taxonomy":"category","embeddable":true,"href":"https:\/\/sertv.gob.pa\/nacionalfm\/wp-json\/wp\/v2\/categories?post=187"},{"taxonomy":"post_tag","embeddable":true,"href":"https:\/\/sertv.gob.pa\/nacionalfm\/wp-json\/wp\/v2\/tags?post=187"}],"curies":[{"name":"wp","href":"https:\/\/api.w.org\/{rel}","templated":true}]}}