{"id":1870,"date":"2014-10-06T05:00:00","date_gmt":"2014-10-06T05:00:00","guid":{"rendered":""},"modified":"2014-10-06T05:00:00","modified_gmt":"2014-10-06T05:00:00","slug":"catastrofe-humanitaria-podria-ocasionar-el-virus-del-ebola","status":"publish","type":"post","link":"https:\/\/sertv.gob.pa\/nacionalfm\/catastrofe-humanitaria-podria-ocasionar-el-virus-del-ebola\/","title":{"rendered":"Cat\u00e1strofe humanitaria podr\u00eda ocasionar el virus del \u00c9bola"},"content":{"rendered":"<p>\nLa Organizaci\u00f3n Mundial de la Salud (OMS) advirti\u00f3 que la epidemia del mortal virus del \u00c9bola, en \u00c1frica Occidental, no tiene paralelo en los tiempos modernos y amenaza con convertirse en una cat\u00e1strofe humanitaria. <\/p>\n<p>Al dar la noticia, Bruce Aylward, subdirector General de la OMS, manifest\u00f3 que es necesario actuar r\u00e1pido. <\/p>\n<p>Se\u00f1al\u00f3 que, hasta hora se ha reportado la muerte de unas 3,439 personas, pero se teme que el n\u00famero sea considerablemente mayor, tomando en cuenta que las zonas afectadas pueden tener un n\u00famero importante de casos no registrados. La cifra podr\u00eda alcanzar decenas de miles. <\/p>\n<p>La instituci\u00f3n internacional &lsquo;M\u00e9dicos sin Fronteras&rsquo; hizo un llamado a enviar m\u00e1s contingente para ayudar a parar la epidemia. La instituci\u00f3n asegur\u00f3 que en Liberia, uno de los pa\u00edses m\u00e1s afectados por el brote, los pacientes est\u00e1n derribando las puertas de los hospitales en busca de ayuda, para no infectar a sus familias. <\/p>\n<p>Estados Unidos ( EE. UU.) anunci\u00f3 un plan para enviar 4,000 soldados a la regi\u00f3n para ayudar a combatir el virus.\u00a0 @nacionalFm <\/p>\n<p>\u00a0 <\/p>\n","protected":false},"excerpt":{"rendered":"<p>La Organizaci\u00f3n Mundial de la Salud (OMS) advirti\u00f3 que la <a href=\"https:\/\/sertv.gob.pa\/nacionalfm\/catastrofe-humanitaria-podria-ocasionar-el-virus-del-ebola\/\"> [&#8230;]<\/a><\/p>\n","protected":false},"author":1,"featured_media":1871,"comment_status":"closed","ping_status":"closed","sticky":false,"template":"","format":"standard","meta":{"footnotes":""},"categories":[5],"tags":[],"class_list":["post-1870","post","type-post","status-publish","format-standard","has-post-thumbnail","hentry","category-salud"],"_links":{"self":[{"href":"https:\/\/sertv.gob.pa\/nacionalfm\/wp-json\/wp\/v2\/posts\/1870","targetHints":{"allow":["GET"]}}],"collection":[{"href":"https:\/\/sertv.gob.pa\/nacionalfm\/wp-json\/wp\/v2\/posts"}],"about":[{"href":"https:\/\/sertv.gob.pa\/nacionalfm\/wp-json\/wp\/v2\/types\/post"}],"author":[{"embeddable":true,"href":"https:\/\/sertv.gob.pa\/nacionalfm\/wp-json\/wp\/v2\/users\/1"}],"replies":[{"embeddable":true,"href":"https:\/\/sertv.gob.pa\/nacionalfm\/wp-json\/wp\/v2\/comments?post=1870"}],"version-history":[{"count":0,"href":"https:\/\/sertv.gob.pa\/nacionalfm\/wp-json\/wp\/v2\/posts\/1870\/revisions"}],"wp:featuredmedia":[{"embeddable":true,"href":"https:\/\/sertv.gob.pa\/nacionalfm\/wp-json\/wp\/v2\/media\/1871"}],"wp:attachment":[{"href":"https:\/\/sertv.gob.pa\/nacionalfm\/wp-json\/wp\/v2\/media?parent=1870"}],"wp:term":[{"taxonomy":"category","embeddable":true,"href":"https:\/\/sertv.gob.pa\/nacionalfm\/wp-json\/wp\/v2\/categories?post=1870"},{"taxonomy":"post_tag","embeddable":true,"href":"https:\/\/sertv.gob.pa\/nacionalfm\/wp-json\/wp\/v2\/tags?post=1870"}],"curies":[{"name":"wp","href":"https:\/\/api.w.org\/{rel}","templated":true}]}}