{"id":18712,"date":"2017-03-01T19:43:04","date_gmt":"2017-03-01T19:43:04","guid":{"rendered":""},"modified":"2017-03-01T19:43:04","modified_gmt":"2017-03-01T19:43:04","slug":"inauguran-nuevas-oficinas-para-comite-paralimpico-de-panama","status":"publish","type":"post","link":"https:\/\/sertv.gob.pa\/nacionalfm\/inauguran-nuevas-oficinas-para-comite-paralimpico-de-panama\/","title":{"rendered":"Inauguran nuevas oficinas para Comit\u00e9 Paral\u00edmpico de Panam\u00e1"},"content":{"rendered":"<p>\nLas nuevas oficinas del Comit\u00e9 Paral\u00edmpico de Panam\u00e1 fueron inauguradas por la presidenta Esther Faska, ubicadas en el Centro de Medicina Deportiva de la Ciudad Deportiva Irving Saladino en acto que cont\u00f3 con la participaci\u00f3n del Subdirector General del Instituto Paname\u00f1o de Deportes, Mario P\u00e9rez, y el presidente del Comit\u00e9 Ol\u00edmpico de Panam\u00e1, Camilo Amado. <\/p>\n<p>Para Faskha esta nueva y primera oficina en la historia de este organismo constituye un gran avance y conjugan grandes esfuerzos de los miembros que componen el Comit\u00e9 Paral\u00edmpico y la administraci\u00f3n del director general de PANDEPORTES, liderada por Roberto Arango Chiari. <\/p>\n<p>Por su parte, Camilo Amado, presidente del Comit\u00e9 Ol\u00edmpico de Panam\u00e1 (COP), agradeci\u00f3 la invitaci\u00f3n y puntualiz\u00f3 que aunque son organizaciones separadas tienen los mismos objetivos en com\u00fan. <\/p>\n","protected":false},"excerpt":{"rendered":"<p>Las nuevas oficinas del Comit\u00e9 Paral\u00edmpico de Panam\u00e1 fueron inauguradas <a href=\"https:\/\/sertv.gob.pa\/nacionalfm\/inauguran-nuevas-oficinas-para-comite-paralimpico-de-panama\/\"> [&#8230;]<\/a><\/p>\n","protected":false},"author":1,"featured_media":18713,"comment_status":"closed","ping_status":"closed","sticky":false,"template":"","format":"standard","meta":{"footnotes":""},"categories":[4],"tags":[],"class_list":["post-18712","post","type-post","status-publish","format-standard","has-post-thumbnail","hentry","category-deportes"],"_links":{"self":[{"href":"https:\/\/sertv.gob.pa\/nacionalfm\/wp-json\/wp\/v2\/posts\/18712","targetHints":{"allow":["GET"]}}],"collection":[{"href":"https:\/\/sertv.gob.pa\/nacionalfm\/wp-json\/wp\/v2\/posts"}],"about":[{"href":"https:\/\/sertv.gob.pa\/nacionalfm\/wp-json\/wp\/v2\/types\/post"}],"author":[{"embeddable":true,"href":"https:\/\/sertv.gob.pa\/nacionalfm\/wp-json\/wp\/v2\/users\/1"}],"replies":[{"embeddable":true,"href":"https:\/\/sertv.gob.pa\/nacionalfm\/wp-json\/wp\/v2\/comments?post=18712"}],"version-history":[{"count":0,"href":"https:\/\/sertv.gob.pa\/nacionalfm\/wp-json\/wp\/v2\/posts\/18712\/revisions"}],"wp:featuredmedia":[{"embeddable":true,"href":"https:\/\/sertv.gob.pa\/nacionalfm\/wp-json\/wp\/v2\/media\/18713"}],"wp:attachment":[{"href":"https:\/\/sertv.gob.pa\/nacionalfm\/wp-json\/wp\/v2\/media?parent=18712"}],"wp:term":[{"taxonomy":"category","embeddable":true,"href":"https:\/\/sertv.gob.pa\/nacionalfm\/wp-json\/wp\/v2\/categories?post=18712"},{"taxonomy":"post_tag","embeddable":true,"href":"https:\/\/sertv.gob.pa\/nacionalfm\/wp-json\/wp\/v2\/tags?post=18712"}],"curies":[{"name":"wp","href":"https:\/\/api.w.org\/{rel}","templated":true}]}}