{"id":1874,"date":"2014-10-06T05:00:00","date_gmt":"2014-10-06T05:00:00","guid":{"rendered":""},"modified":"2014-10-06T05:00:00","modified_gmt":"2014-10-06T05:00:00","slug":"con-que-frecuencia-debes-ir-al-dentista","status":"publish","type":"post","link":"https:\/\/sertv.gob.pa\/nacionalfm\/con-que-frecuencia-debes-ir-al-dentista\/","title":{"rendered":"\u00bfCon qu\u00e9 frecuencia debes ir al dentista?"},"content":{"rendered":"<p>\nOrganizaciones como Nice, que asesoran a los servicios de salud en Inglaterra y Gales, dicen que la frecuencia depende del individuo. <\/p>\n<p>La organizaci\u00f3n recomienda llevar a los ni\u00f1os al menos una vez al a\u00f1o, porque sus dientes son susceptibles de tener caries m\u00e1s r\u00e1pido, mientras que los adultos que no tienen ning\u00fan problema evidente pueden esperar hasta dos a\u00f1os. <\/p>\n<p>Incluso llega a decir que aquellos que han mostrado su constancia en el cuidado de sus dientes y enc\u00edas pueden dejar pasar m\u00e1s de dos a\u00f1os. <\/p>\n<p>Otros hacen recomendaciones similares. Un grupo de expertos que revisaba la evidencia en Finlandia en 2001 aconsej\u00f3 que los menores de 18 a\u00f1os de bajo riesgo acudieran al dentista cada a\u00f1o y medio a dos a\u00f1os.\u00a0 @nacionalFm <\/p>\n<p>\u00a0 <\/p>\n","protected":false},"excerpt":{"rendered":"<p>Organizaciones como Nice, que asesoran a los servicios de salud <a href=\"https:\/\/sertv.gob.pa\/nacionalfm\/con-que-frecuencia-debes-ir-al-dentista\/\"> [&#8230;]<\/a><\/p>\n","protected":false},"author":1,"featured_media":1875,"comment_status":"closed","ping_status":"closed","sticky":false,"template":"","format":"standard","meta":{"footnotes":""},"categories":[5],"tags":[],"class_list":["post-1874","post","type-post","status-publish","format-standard","has-post-thumbnail","hentry","category-salud"],"_links":{"self":[{"href":"https:\/\/sertv.gob.pa\/nacionalfm\/wp-json\/wp\/v2\/posts\/1874","targetHints":{"allow":["GET"]}}],"collection":[{"href":"https:\/\/sertv.gob.pa\/nacionalfm\/wp-json\/wp\/v2\/posts"}],"about":[{"href":"https:\/\/sertv.gob.pa\/nacionalfm\/wp-json\/wp\/v2\/types\/post"}],"author":[{"embeddable":true,"href":"https:\/\/sertv.gob.pa\/nacionalfm\/wp-json\/wp\/v2\/users\/1"}],"replies":[{"embeddable":true,"href":"https:\/\/sertv.gob.pa\/nacionalfm\/wp-json\/wp\/v2\/comments?post=1874"}],"version-history":[{"count":0,"href":"https:\/\/sertv.gob.pa\/nacionalfm\/wp-json\/wp\/v2\/posts\/1874\/revisions"}],"wp:featuredmedia":[{"embeddable":true,"href":"https:\/\/sertv.gob.pa\/nacionalfm\/wp-json\/wp\/v2\/media\/1875"}],"wp:attachment":[{"href":"https:\/\/sertv.gob.pa\/nacionalfm\/wp-json\/wp\/v2\/media?parent=1874"}],"wp:term":[{"taxonomy":"category","embeddable":true,"href":"https:\/\/sertv.gob.pa\/nacionalfm\/wp-json\/wp\/v2\/categories?post=1874"},{"taxonomy":"post_tag","embeddable":true,"href":"https:\/\/sertv.gob.pa\/nacionalfm\/wp-json\/wp\/v2\/tags?post=1874"}],"curies":[{"name":"wp","href":"https:\/\/api.w.org\/{rel}","templated":true}]}}