{"id":18744,"date":"2017-03-02T18:53:05","date_gmt":"2017-03-02T18:53:05","guid":{"rendered":""},"modified":"2017-03-02T18:53:05","modified_gmt":"2017-03-02T18:53:05","slug":"arabe-unido-vence-al-dallas-pero-no-logra-objetivo-de-remontar","status":"publish","type":"post","link":"https:\/\/sertv.gob.pa\/nacionalfm\/arabe-unido-vence-al-dallas-pero-no-logra-objetivo-de-remontar\/","title":{"rendered":"\u00c1rabe Unido vence al Dallas, pero no logra objetivo de remontar"},"content":{"rendered":"<p>\nEl CD \u00c1rabe Unido de Col\u00f3n venci\u00f3 2-1 al FC Dallas por marcador de 2-1, pero no logra su objetivo de remontar un marcador del partido de ida de 4-0, para pasar a la siguiente ronda del torneo de CONCACHAMPIONS 2016-2017 de CONCACAF, en partido de vuelta realizado en el estadio Rommel Fern\u00e1ndez. <\/p>\n<p>El triunfo qued\u00f3 para la estad\u00edstica, pues el marcador global termin\u00f3 5-2 a favor del equipo estadounidense. La llave de cuartos se defini\u00f3 en el Toyota Park. <\/p>\n<p>El partido de ida acab\u00f3 4-0 para los locales. <\/p>\n<p>Nuevamente, \u00c1rabe Unido se queda en cuartos de final de este torneo. <\/p>\n<p>La partida de jugadores como \u00c9dgar B\u00e1rcenas, \u00c1ngel Patrick y Joseph Cox debilit\u00f3 al equipo que elimin\u00f3 a Monterrey. Al final no hay excusas. <\/p>\n<p>Dallas fue superior en la serie a pesar de no tener ritmo de juego. La MLS arranca apenas este fin de semana. <\/p>\n<p>El equipo de Juan Sergio Guzm\u00e1n ya tiene amarrado su boleto para la pr\u00f3xima edici\u00f3n, pero tiene que mejorar sus refuerzos. <\/p>\n<p>Roberto Chen, Rolando Algandona y Carlos Small no hicieron la diferencia. <\/p>\n<p>\u00a0 <\/p>\n","protected":false},"excerpt":{"rendered":"<p>El CD \u00c1rabe Unido de Col\u00f3n venci\u00f3 2-1 al FC <a href=\"https:\/\/sertv.gob.pa\/nacionalfm\/arabe-unido-vence-al-dallas-pero-no-logra-objetivo-de-remontar\/\"> [&#8230;]<\/a><\/p>\n","protected":false},"author":1,"featured_media":18745,"comment_status":"closed","ping_status":"closed","sticky":false,"template":"","format":"standard","meta":{"footnotes":""},"categories":[4],"tags":[],"class_list":["post-18744","post","type-post","status-publish","format-standard","has-post-thumbnail","hentry","category-deportes"],"_links":{"self":[{"href":"https:\/\/sertv.gob.pa\/nacionalfm\/wp-json\/wp\/v2\/posts\/18744","targetHints":{"allow":["GET"]}}],"collection":[{"href":"https:\/\/sertv.gob.pa\/nacionalfm\/wp-json\/wp\/v2\/posts"}],"about":[{"href":"https:\/\/sertv.gob.pa\/nacionalfm\/wp-json\/wp\/v2\/types\/post"}],"author":[{"embeddable":true,"href":"https:\/\/sertv.gob.pa\/nacionalfm\/wp-json\/wp\/v2\/users\/1"}],"replies":[{"embeddable":true,"href":"https:\/\/sertv.gob.pa\/nacionalfm\/wp-json\/wp\/v2\/comments?post=18744"}],"version-history":[{"count":0,"href":"https:\/\/sertv.gob.pa\/nacionalfm\/wp-json\/wp\/v2\/posts\/18744\/revisions"}],"wp:featuredmedia":[{"embeddable":true,"href":"https:\/\/sertv.gob.pa\/nacionalfm\/wp-json\/wp\/v2\/media\/18745"}],"wp:attachment":[{"href":"https:\/\/sertv.gob.pa\/nacionalfm\/wp-json\/wp\/v2\/media?parent=18744"}],"wp:term":[{"taxonomy":"category","embeddable":true,"href":"https:\/\/sertv.gob.pa\/nacionalfm\/wp-json\/wp\/v2\/categories?post=18744"},{"taxonomy":"post_tag","embeddable":true,"href":"https:\/\/sertv.gob.pa\/nacionalfm\/wp-json\/wp\/v2\/tags?post=18744"}],"curies":[{"name":"wp","href":"https:\/\/api.w.org\/{rel}","templated":true}]}}