{"id":18746,"date":"2017-03-02T19:14:27","date_gmt":"2017-03-02T19:14:27","guid":{"rendered":""},"modified":"2017-03-02T19:14:27","modified_gmt":"2017-03-02T19:14:27","slug":"anuncian-pelea-entre-cesar-rivas-y-metralleta-mosquera","status":"publish","type":"post","link":"https:\/\/sertv.gob.pa\/nacionalfm\/anuncian-pelea-entre-cesar-rivas-y-metralleta-mosquera\/","title":{"rendered":"Anuncian pelea entre C\u00e9sar Rivas y \u201cMetralleta\u201d Mosquera"},"content":{"rendered":"<p>\nTSP Boxing y Promociones y Eventos del Istmo anunciaron en conferencia de prensa la cartelera &ldquo;Valor al L\u00edmite&rdquo;, que se efectuar\u00e1 el pr\u00f3ximo 5 de abril en el Centro de Convenciones Vasco N\u00fa\u00f1ez de Balboa en el Hotel Panam\u00e1, con la pelea principal entre C\u00e9sar &ldquo;El Fronterizo&rdquo; \u00a0Rivas ante Alberto &ldquo;Metralleta&rdquo; Mosquera, en un l\u00edmite de 147 libras y a una distancia de 10 asaltos. <\/p>\n<p>En otros combates de la jornada se cuenta con la coestelar a cargo de los ind\u00edgenas Gilberto &ldquo;El Cacique&rdquo; Pedroza y Dirceo &ldquo;El Explosivo&rdquo; Cabarcas, Jorge &ldquo;El B\u00fafalo&rdquo; S\u00e1nchez ante el venezolano Alexander Ponce. <\/p>\n<p>El ex campe\u00f3n Centroamericano de boxeo ol\u00edmpico Jaime Mu\u00f1oz arriesga su invicto ante Carlos Montenegro, Fernando &ldquo;La Pantera&rdquo; Mart\u00ednez y Daniel Moreno tratar\u00e1 cada uno de recuperarse de sus anteriores derrota cuando se midan en combate de revancha. <\/p>\n<p>El cubano Dami\u00e1n Rodr\u00edguez expone su invicto ante el darienita Isa\u00edas Valencia y en la pelea de abrir el ex campe\u00f3n centroamericano\u00a0 de boxeo ol\u00edmpico Rafael Pedroza har\u00e1 su estreno en el boxeo rentado enfrentando al tambi\u00e9n debutante Luis \u00c1ngel Mojica a quien se enfrent\u00f3 en unos Guantes de Oro. <\/p>\n<p>Adem\u00e1s se le busca rival al invicto p\u00fagil cubano Pablo Vicente. <\/p>\n","protected":false},"excerpt":{"rendered":"<p>TSP Boxing y Promociones y Eventos del Istmo anunciaron en <a href=\"https:\/\/sertv.gob.pa\/nacionalfm\/anuncian-pelea-entre-cesar-rivas-y-metralleta-mosquera\/\"> [&#8230;]<\/a><\/p>\n","protected":false},"author":1,"featured_media":18747,"comment_status":"closed","ping_status":"closed","sticky":false,"template":"","format":"standard","meta":{"footnotes":""},"categories":[4],"tags":[],"class_list":["post-18746","post","type-post","status-publish","format-standard","has-post-thumbnail","hentry","category-deportes"],"_links":{"self":[{"href":"https:\/\/sertv.gob.pa\/nacionalfm\/wp-json\/wp\/v2\/posts\/18746","targetHints":{"allow":["GET"]}}],"collection":[{"href":"https:\/\/sertv.gob.pa\/nacionalfm\/wp-json\/wp\/v2\/posts"}],"about":[{"href":"https:\/\/sertv.gob.pa\/nacionalfm\/wp-json\/wp\/v2\/types\/post"}],"author":[{"embeddable":true,"href":"https:\/\/sertv.gob.pa\/nacionalfm\/wp-json\/wp\/v2\/users\/1"}],"replies":[{"embeddable":true,"href":"https:\/\/sertv.gob.pa\/nacionalfm\/wp-json\/wp\/v2\/comments?post=18746"}],"version-history":[{"count":0,"href":"https:\/\/sertv.gob.pa\/nacionalfm\/wp-json\/wp\/v2\/posts\/18746\/revisions"}],"wp:featuredmedia":[{"embeddable":true,"href":"https:\/\/sertv.gob.pa\/nacionalfm\/wp-json\/wp\/v2\/media\/18747"}],"wp:attachment":[{"href":"https:\/\/sertv.gob.pa\/nacionalfm\/wp-json\/wp\/v2\/media?parent=18746"}],"wp:term":[{"taxonomy":"category","embeddable":true,"href":"https:\/\/sertv.gob.pa\/nacionalfm\/wp-json\/wp\/v2\/categories?post=18746"},{"taxonomy":"post_tag","embeddable":true,"href":"https:\/\/sertv.gob.pa\/nacionalfm\/wp-json\/wp\/v2\/tags?post=18746"}],"curies":[{"name":"wp","href":"https:\/\/api.w.org\/{rel}","templated":true}]}}