{"id":18768,"date":"2017-03-03T15:57:47","date_gmt":"2017-03-03T15:57:47","guid":{"rendered":""},"modified":"2017-03-03T15:57:47","modified_gmt":"2017-03-03T15:57:47","slug":"sub-20-de-panama-concentrado-en-partido-de-hoy-ante-costa-rica","status":"publish","type":"post","link":"https:\/\/sertv.gob.pa\/nacionalfm\/sub-20-de-panama-concentrado-en-partido-de-hoy-ante-costa-rica\/","title":{"rendered":"Sub -20 de Panam\u00e1 concentrado en partido de hoy ante Costa Rica"},"content":{"rendered":"<p>\n El conjunto juvenil paname\u00f1o se prepara con responsabilidad previo al partido de hoy ante Costa Rica en la \u00faltima fecha del clasificatorino del Campeonato Sub-20 de la CONCACAF.  <\/p>\n<p> Cabe mencionar que este mi\u00e9rcoles\u00a0Honduras venci\u00f3 2-1 a Costa Rica y asegur\u00f3 su clasificaci\u00f3n al mundial, y el derecho de jugar la final del PREMUNDIAL como l\u00edder del grupo E con seis puntos. Por lo que, &lsquo;canaleros&rsquo; y ticos definen el pase a la m\u00e1xima cita este viernes y en el que a Panam\u00e1 s\u00f3lo le sirve la victoria (ambos equipos con cero puntos, pero con diferencia de goles favorable a CRC con -1 y PAN -2). \u00a0  <\/p>\n","protected":false},"excerpt":{"rendered":"<p>El conjunto juvenil paname\u00f1o se prepara con responsabilidad previo al <a href=\"https:\/\/sertv.gob.pa\/nacionalfm\/sub-20-de-panama-concentrado-en-partido-de-hoy-ante-costa-rica\/\"> [&#8230;]<\/a><\/p>\n","protected":false},"author":1,"featured_media":18769,"comment_status":"closed","ping_status":"closed","sticky":false,"template":"","format":"standard","meta":{"footnotes":""},"categories":[4],"tags":[],"class_list":["post-18768","post","type-post","status-publish","format-standard","has-post-thumbnail","hentry","category-deportes"],"_links":{"self":[{"href":"https:\/\/sertv.gob.pa\/nacionalfm\/wp-json\/wp\/v2\/posts\/18768","targetHints":{"allow":["GET"]}}],"collection":[{"href":"https:\/\/sertv.gob.pa\/nacionalfm\/wp-json\/wp\/v2\/posts"}],"about":[{"href":"https:\/\/sertv.gob.pa\/nacionalfm\/wp-json\/wp\/v2\/types\/post"}],"author":[{"embeddable":true,"href":"https:\/\/sertv.gob.pa\/nacionalfm\/wp-json\/wp\/v2\/users\/1"}],"replies":[{"embeddable":true,"href":"https:\/\/sertv.gob.pa\/nacionalfm\/wp-json\/wp\/v2\/comments?post=18768"}],"version-history":[{"count":0,"href":"https:\/\/sertv.gob.pa\/nacionalfm\/wp-json\/wp\/v2\/posts\/18768\/revisions"}],"wp:featuredmedia":[{"embeddable":true,"href":"https:\/\/sertv.gob.pa\/nacionalfm\/wp-json\/wp\/v2\/media\/18769"}],"wp:attachment":[{"href":"https:\/\/sertv.gob.pa\/nacionalfm\/wp-json\/wp\/v2\/media?parent=18768"}],"wp:term":[{"taxonomy":"category","embeddable":true,"href":"https:\/\/sertv.gob.pa\/nacionalfm\/wp-json\/wp\/v2\/categories?post=18768"},{"taxonomy":"post_tag","embeddable":true,"href":"https:\/\/sertv.gob.pa\/nacionalfm\/wp-json\/wp\/v2\/tags?post=18768"}],"curies":[{"name":"wp","href":"https:\/\/api.w.org\/{rel}","templated":true}]}}