{"id":18772,"date":"2017-03-03T16:30:19","date_gmt":"2017-03-03T16:30:19","guid":{"rendered":""},"modified":"2017-03-03T16:30:19","modified_gmt":"2017-03-03T16:30:19","slug":"atletico-nacional-y-sporting-de-san-miguelito-hoy-en-el-maracana","status":"publish","type":"post","link":"https:\/\/sertv.gob.pa\/nacionalfm\/atletico-nacional-y-sporting-de-san-miguelito-hoy-en-el-maracana\/","title":{"rendered":"Atl\u00e9tico Nacional y Sporting de San Miguelito hoy en el Maracan\u00e1"},"content":{"rendered":"<p>\nHoy viernes 3 de marzo contin\u00faa el Clausura de la Liga Paname\u00f1a de F\u00fatbol cuando se enfrenten en el estadio Maracan\u00e1 del Chorrillo el Atl\u00e9tico Nacional de la Polic\u00eda ante el Sporting San Miguelito a las 9 de la noche. <\/p>\n<p>ma\u00f1ana s\u00e1bado 4 de marzo se enfrentan en el Rommel Fern\u00e1ndez el Tauro FC\u00a0 ante el San Francisco, en Maracan\u00e1 del Chorrillo lo har\u00e1n el Chorrillo ante el Atl\u00e9tico Verag\u00fcense y en el Cascarita Tapia se miden el Alianza ante el CD \u00c1rabe Unido de Col\u00f3n, todos estos partidos se celebrar\u00e1n a las 6 de la tarde. <\/p>\n<p>El cierre de la jornada ser\u00e1 el domingo 5 de marzo a las 5 de la tarde en el Maracan\u00e1 con el partido del Plaza Amador ante Santa Gema de Panam\u00e1 Oeste. <\/p>\n","protected":false},"excerpt":{"rendered":"<p>Hoy viernes 3 de marzo contin\u00faa el Clausura de la <a href=\"https:\/\/sertv.gob.pa\/nacionalfm\/atletico-nacional-y-sporting-de-san-miguelito-hoy-en-el-maracana\/\"> [&#8230;]<\/a><\/p>\n","protected":false},"author":1,"featured_media":18773,"comment_status":"closed","ping_status":"closed","sticky":false,"template":"","format":"standard","meta":{"footnotes":""},"categories":[4],"tags":[],"class_list":["post-18772","post","type-post","status-publish","format-standard","has-post-thumbnail","hentry","category-deportes"],"_links":{"self":[{"href":"https:\/\/sertv.gob.pa\/nacionalfm\/wp-json\/wp\/v2\/posts\/18772","targetHints":{"allow":["GET"]}}],"collection":[{"href":"https:\/\/sertv.gob.pa\/nacionalfm\/wp-json\/wp\/v2\/posts"}],"about":[{"href":"https:\/\/sertv.gob.pa\/nacionalfm\/wp-json\/wp\/v2\/types\/post"}],"author":[{"embeddable":true,"href":"https:\/\/sertv.gob.pa\/nacionalfm\/wp-json\/wp\/v2\/users\/1"}],"replies":[{"embeddable":true,"href":"https:\/\/sertv.gob.pa\/nacionalfm\/wp-json\/wp\/v2\/comments?post=18772"}],"version-history":[{"count":0,"href":"https:\/\/sertv.gob.pa\/nacionalfm\/wp-json\/wp\/v2\/posts\/18772\/revisions"}],"wp:featuredmedia":[{"embeddable":true,"href":"https:\/\/sertv.gob.pa\/nacionalfm\/wp-json\/wp\/v2\/media\/18773"}],"wp:attachment":[{"href":"https:\/\/sertv.gob.pa\/nacionalfm\/wp-json\/wp\/v2\/media?parent=18772"}],"wp:term":[{"taxonomy":"category","embeddable":true,"href":"https:\/\/sertv.gob.pa\/nacionalfm\/wp-json\/wp\/v2\/categories?post=18772"},{"taxonomy":"post_tag","embeddable":true,"href":"https:\/\/sertv.gob.pa\/nacionalfm\/wp-json\/wp\/v2\/tags?post=18772"}],"curies":[{"name":"wp","href":"https:\/\/api.w.org\/{rel}","templated":true}]}}