{"id":18776,"date":"2017-03-03T18:02:07","date_gmt":"2017-03-03T18:02:07","guid":{"rendered":""},"modified":"2017-03-03T18:02:07","modified_gmt":"2017-03-03T18:02:07","slug":"minsa-solicito-2-millones-de-vacunas-contra-la-influenza","status":"publish","type":"post","link":"https:\/\/sertv.gob.pa\/nacionalfm\/minsa-solicito-2-millones-de-vacunas-contra-la-influenza\/","title":{"rendered":"Minsa solicit\u00f3 2 millones de vacunas contra la influenza"},"content":{"rendered":"<p>\nEl Ministerio de Salud (Minsa) hizo la solicitud para este 2017 de dos millones de vacunas contra la influenza para comenzar con la campa\u00f1a de vacunaci\u00f3n, la cual se pretende iniciar este mes de marzo. <\/p>\n<p>Seg\u00fan el propio ministro de Salud, Miguel Mayo, dichas vacunas llegar\u00e1n a Panam\u00e1 entre los meses de marzo y abril, pero, por el momento, todos los centros de salud est\u00e1n colocando el resto de las vacunas. <\/p>\n<p>Mayo asegur\u00f3 que cuando las vacunas lleguen al territorio nacional ser\u00e1 anunciado por el personal de salud. <\/p>\n<p>Y es que, durante el 2016 se gener\u00f3 una movilizaci\u00f3n masiva de personas hacia los centros de salud del pa\u00eds en busca de la vacuna lo que provoc\u00f3 molestias, discusiones y desesperaci\u00f3n. <\/p>\n<p>Incluso, algunas escuelas suspendieron las clases como medida preventiva para evitar el contagio de la gripe AH1N1, que ocasion\u00f3 varias muertes. <\/p>\n<p>Adem\u00e1s, el ministro manifest\u00f3 que\u00a0Panam\u00e1 se convirti\u00f3 en el primer pa\u00eds de Latinoam\u00e9rica en poseer el primer \u00abvacunom\u00f3vil\u00bb, un busito que puede llegar a los lugares donde habitan personas que no puede salir a los centros de salud a vacunarse. <\/p>\n<p>\u00a0 <\/p>\n<p>\u00a0 <\/p>\n<p>\u00a0 <\/p>\n","protected":false},"excerpt":{"rendered":"<p>El Ministerio de Salud (Minsa) hizo la solicitud para este <a href=\"https:\/\/sertv.gob.pa\/nacionalfm\/minsa-solicito-2-millones-de-vacunas-contra-la-influenza\/\"> [&#8230;]<\/a><\/p>\n","protected":false},"author":1,"featured_media":18777,"comment_status":"closed","ping_status":"closed","sticky":false,"template":"","format":"standard","meta":{"footnotes":""},"categories":[5],"tags":[],"class_list":["post-18776","post","type-post","status-publish","format-standard","has-post-thumbnail","hentry","category-salud"],"_links":{"self":[{"href":"https:\/\/sertv.gob.pa\/nacionalfm\/wp-json\/wp\/v2\/posts\/18776","targetHints":{"allow":["GET"]}}],"collection":[{"href":"https:\/\/sertv.gob.pa\/nacionalfm\/wp-json\/wp\/v2\/posts"}],"about":[{"href":"https:\/\/sertv.gob.pa\/nacionalfm\/wp-json\/wp\/v2\/types\/post"}],"author":[{"embeddable":true,"href":"https:\/\/sertv.gob.pa\/nacionalfm\/wp-json\/wp\/v2\/users\/1"}],"replies":[{"embeddable":true,"href":"https:\/\/sertv.gob.pa\/nacionalfm\/wp-json\/wp\/v2\/comments?post=18776"}],"version-history":[{"count":0,"href":"https:\/\/sertv.gob.pa\/nacionalfm\/wp-json\/wp\/v2\/posts\/18776\/revisions"}],"wp:featuredmedia":[{"embeddable":true,"href":"https:\/\/sertv.gob.pa\/nacionalfm\/wp-json\/wp\/v2\/media\/18777"}],"wp:attachment":[{"href":"https:\/\/sertv.gob.pa\/nacionalfm\/wp-json\/wp\/v2\/media?parent=18776"}],"wp:term":[{"taxonomy":"category","embeddable":true,"href":"https:\/\/sertv.gob.pa\/nacionalfm\/wp-json\/wp\/v2\/categories?post=18776"},{"taxonomy":"post_tag","embeddable":true,"href":"https:\/\/sertv.gob.pa\/nacionalfm\/wp-json\/wp\/v2\/tags?post=18776"}],"curies":[{"name":"wp","href":"https:\/\/api.w.org\/{rel}","templated":true}]}}