{"id":18784,"date":"2017-03-03T19:33:24","date_gmt":"2017-03-03T19:33:24","guid":{"rendered":""},"modified":"2017-03-03T19:33:24","modified_gmt":"2017-03-03T19:33:24","slug":"marcha-mundial-por-la-endometriosis-en-barcelona","status":"publish","type":"post","link":"https:\/\/sertv.gob.pa\/nacionalfm\/marcha-mundial-por-la-endometriosis-en-barcelona\/","title":{"rendered":"Marcha Mundial por la Endometriosis en Barcelona"},"content":{"rendered":"<p>\nBarcelona acoger\u00e1 el pr\u00f3ximo s\u00e1bado 11 de marzo la Marcha Mundial por la Endometriosis bajo el lema \u00abBasta de Silencio\u00bb. La iniciativa igualmente prev\u00e9 actos de difusi\u00f3n y concienciaci\u00f3n sobre  esta enfermedad que afecta a cerca del 15% de las mujeres  en edad f\u00e9rtil. <\/p>\n<p>La marcha iniciar\u00e1 a las cinco de la tarde en la Plaza de la Catedral de Barcelona y llegar\u00e1 hasta la Bas\u00edlica de la Merc\u00e8. <\/p>\n<p>Pese a la gran cantidad de mujeres afectadas, esta enfermedad es pr\u00e1cticamente desconocida por la sociedad.  Cristina Gurruchaga , la presidenta de la Associaci\u00f3 d&#8217;Afectades d&#8217;Endrometrosi de Catalunya (AAEC), ha afirmado en declaraciones a EL MUNDO que el prop\u00f3sito de la marcha no es otro que  \u00abvisibilizar la enfermedad a la sociedad, a los pol\u00edticos y a los m\u00e9dicos\u00bb . <\/p>\n<p>Esta afecci\u00f3n consiste en la aparici\u00f3n y  crecimiento de tejido fuera del \u00fatero . Normalmente los tejidos crecen en los periodos menstruales. No existe cura para la endometriosis. Los tratamientos hasta el momento incluyen analg\u00e9sicos para el dolor, tratamiento hormonal y cirug\u00eda. Seg\u00fan Gurruchaga, \u00abcuando el tratamiento pasa por la cirug\u00eda a veces tienen que extirparte \u00f3rganos\u00bb. Esta enfermedad  afecta a 170 millones de mujeres en el mundo . <\/p>\n<p>La marcha cuenta con el apoyo del Hospital de Sant Pau, del Hospital de Bellvitge y del Hospital Cl\u00ednic. Gurruchaga ha asegurado que este apoyo se materializar\u00e1 con  la presencia de m\u00e9dicos, sobre todo ginec\u00f3logos , en la marcha. Algunos partidos parlamentarios catalanes tambi\u00e9n han confirmado su asistencia al evento. Seg\u00fan la presidenta de AAEC \u00abest\u00e1n todos los pol\u00edticos invitados, pero de momento s\u00f3lo han confirmado del Partido Popular y del Partit Dem\u00f2crata Catal\u00e0\u00bb. <\/p>\n<p>La endometriosis es m\u00e1s frecuente que el asma, la diabetes, la epilepsia y el SIDA juntas, y es pr\u00e1cticamente desconocida. Las asociaciones que participan en la organizaci\u00f3n de la marcha destacan la importancia de actos como \u00e9ste, que ayudan a dar visibilidad a una enfermedad que es  la primera patolog\u00eda ginecol\u00f3gica de la mujer . <\/p>\n<p>\u00a0 <\/p>\n","protected":false},"excerpt":{"rendered":"<p>Barcelona acoger\u00e1 el pr\u00f3ximo s\u00e1bado 11 de marzo la Marcha <a href=\"https:\/\/sertv.gob.pa\/nacionalfm\/marcha-mundial-por-la-endometriosis-en-barcelona\/\"> [&#8230;]<\/a><\/p>\n","protected":false},"author":1,"featured_media":18785,"comment_status":"closed","ping_status":"closed","sticky":false,"template":"","format":"standard","meta":{"footnotes":""},"categories":[5],"tags":[],"class_list":["post-18784","post","type-post","status-publish","format-standard","has-post-thumbnail","hentry","category-salud"],"_links":{"self":[{"href":"https:\/\/sertv.gob.pa\/nacionalfm\/wp-json\/wp\/v2\/posts\/18784","targetHints":{"allow":["GET"]}}],"collection":[{"href":"https:\/\/sertv.gob.pa\/nacionalfm\/wp-json\/wp\/v2\/posts"}],"about":[{"href":"https:\/\/sertv.gob.pa\/nacionalfm\/wp-json\/wp\/v2\/types\/post"}],"author":[{"embeddable":true,"href":"https:\/\/sertv.gob.pa\/nacionalfm\/wp-json\/wp\/v2\/users\/1"}],"replies":[{"embeddable":true,"href":"https:\/\/sertv.gob.pa\/nacionalfm\/wp-json\/wp\/v2\/comments?post=18784"}],"version-history":[{"count":0,"href":"https:\/\/sertv.gob.pa\/nacionalfm\/wp-json\/wp\/v2\/posts\/18784\/revisions"}],"wp:featuredmedia":[{"embeddable":true,"href":"https:\/\/sertv.gob.pa\/nacionalfm\/wp-json\/wp\/v2\/media\/18785"}],"wp:attachment":[{"href":"https:\/\/sertv.gob.pa\/nacionalfm\/wp-json\/wp\/v2\/media?parent=18784"}],"wp:term":[{"taxonomy":"category","embeddable":true,"href":"https:\/\/sertv.gob.pa\/nacionalfm\/wp-json\/wp\/v2\/categories?post=18784"},{"taxonomy":"post_tag","embeddable":true,"href":"https:\/\/sertv.gob.pa\/nacionalfm\/wp-json\/wp\/v2\/tags?post=18784"}],"curies":[{"name":"wp","href":"https:\/\/api.w.org\/{rel}","templated":true}]}}