{"id":18786,"date":"2017-03-03T22:58:42","date_gmt":"2017-03-03T22:58:42","guid":{"rendered":""},"modified":"2017-03-03T22:58:42","modified_gmt":"2017-03-03T22:58:42","slug":"rafael-pedroza-da-al-salto-al-boxeo-profesional","status":"publish","type":"post","link":"https:\/\/sertv.gob.pa\/nacionalfm\/rafael-pedroza-da-al-salto-al-boxeo-profesional\/","title":{"rendered":"Rafael Pedroza da al salto al boxeo profesional"},"content":{"rendered":"<p>\nRafael Pedroza de familia de boxeadores, ya que es nieto del ex boxeador amateur Rafael Morales quien combat\u00eda en la d\u00e9cada del 60 con ese apellido, sobrino de Eusebio y Rafael Pedroza y primo de Gilberto &ldquo;El Cacique&rdquo; Pedroza, har\u00e1 su salto al boxeo profesional el pr\u00f3ximo 5 de abril enfrentando al chiricano Luis \u00c1ngel Mojica en combate que se podr\u00eda considerar\u00a0 un combate de revancha ya que Pedroza lo venci\u00f3 en el Guantes de Oro 2015. <\/p>\n<p>Pedroza form\u00f3 parte de las selecciones nacionales tanto en cadetes categor\u00eda que nos represent\u00f3 en evento efectuado en Chile, juvenil y mayor en las cuales compiti\u00f3 en diferentes torneos a nivel nacional e internacional, fue campe\u00f3n nacional Guantes de Oro y del Torneo Cuna de Campeones. <\/p>\n<p>Se recuerdan peleas a nivel ol\u00edmpico que se desarrollaron en varios programas box\u00edsticos de clubes y ligas como con Tom\u00e1s Villar quien lo venci\u00f3 3-0, al invicto p\u00fagil profesional Orlando Mosquera. perdi\u00f3 dos veces con Antonio &ldquo;Sargento&rdquo; P\u00e9rez del Crisol, venci\u00f3 actualmente clasificado mundial Azael &ldquo;Candelilla&rdquo; Villar, al emotivo p\u00fagil de Panam\u00e1 Oeste Ascanio Badillo en la Copa Cuna de Campeones, y una de sus \u00faltimas derrotas en el boxeo ol\u00edmpico ante Jonathan Miniel por decisi\u00f3n dividida. <\/p>\n<p>Pedroza form\u00f3 parte de las selecciones nacionales\u00a0\u00a0\u00a0\u00a0\u00a0\u00a0\u00a0\u00a0\u00a0 tanto, cadetes, juvenil como mayor en las cuales compiti\u00f3 en diferentes torneos a nivel internacional, y tambi\u00e9n fue campe\u00f3n nacional Guantes de Oro y del torneo Cuna de Campeones. Pedroza y Mojica chocar\u00e1n en 118 libras y 4 asaltos. <\/p>\n<p>\u00a0 <\/p>\n<p>\u00a0 <\/p>\n","protected":false},"excerpt":{"rendered":"<p>Rafael Pedroza de familia de boxeadores, ya que es nieto <a href=\"https:\/\/sertv.gob.pa\/nacionalfm\/rafael-pedroza-da-al-salto-al-boxeo-profesional\/\"> [&#8230;]<\/a><\/p>\n","protected":false},"author":1,"featured_media":18787,"comment_status":"closed","ping_status":"closed","sticky":false,"template":"","format":"standard","meta":{"footnotes":""},"categories":[4],"tags":[],"class_list":["post-18786","post","type-post","status-publish","format-standard","has-post-thumbnail","hentry","category-deportes"],"_links":{"self":[{"href":"https:\/\/sertv.gob.pa\/nacionalfm\/wp-json\/wp\/v2\/posts\/18786","targetHints":{"allow":["GET"]}}],"collection":[{"href":"https:\/\/sertv.gob.pa\/nacionalfm\/wp-json\/wp\/v2\/posts"}],"about":[{"href":"https:\/\/sertv.gob.pa\/nacionalfm\/wp-json\/wp\/v2\/types\/post"}],"author":[{"embeddable":true,"href":"https:\/\/sertv.gob.pa\/nacionalfm\/wp-json\/wp\/v2\/users\/1"}],"replies":[{"embeddable":true,"href":"https:\/\/sertv.gob.pa\/nacionalfm\/wp-json\/wp\/v2\/comments?post=18786"}],"version-history":[{"count":0,"href":"https:\/\/sertv.gob.pa\/nacionalfm\/wp-json\/wp\/v2\/posts\/18786\/revisions"}],"wp:featuredmedia":[{"embeddable":true,"href":"https:\/\/sertv.gob.pa\/nacionalfm\/wp-json\/wp\/v2\/media\/18787"}],"wp:attachment":[{"href":"https:\/\/sertv.gob.pa\/nacionalfm\/wp-json\/wp\/v2\/media?parent=18786"}],"wp:term":[{"taxonomy":"category","embeddable":true,"href":"https:\/\/sertv.gob.pa\/nacionalfm\/wp-json\/wp\/v2\/categories?post=18786"},{"taxonomy":"post_tag","embeddable":true,"href":"https:\/\/sertv.gob.pa\/nacionalfm\/wp-json\/wp\/v2\/tags?post=18786"}],"curies":[{"name":"wp","href":"https:\/\/api.w.org\/{rel}","templated":true}]}}