{"id":18802,"date":"2017-03-06T17:32:37","date_gmt":"2017-03-06T17:32:37","guid":{"rendered":""},"modified":"2017-03-06T17:32:37","modified_gmt":"2017-03-06T17:32:37","slug":"panama-se-despide-de-sueno-mundialista-sub-20-con-empate","status":"publish","type":"post","link":"https:\/\/sertv.gob.pa\/nacionalfm\/panama-se-despide-de-sueno-mundialista-sub-20-con-empate\/","title":{"rendered":"Panam\u00e1 se despide de sue\u00f1o mundialista Sub-20 con empate"},"content":{"rendered":"<p>\n La Sub -20 de Panam\u00e1 empat\u00f3 con\u00a0 Costa Rica a 1 gol, que no le vali\u00f3 para clasificar al Mundial Sub-20 de FIFA en\u00a0 la Rep\u00fablica de Corea del 20 de mayo al 11 de junio.  <\/p>\n<p> El partido correspondiente a la \u00faltima fecha clasificatoria del Campeonato Sub-20de CONCACAF, se llev\u00f3 a cabo en el estadio Nacional de Costa Rica.  <\/p>\n<p> La Selecci\u00f3n Nacional s\u00f3lo le val\u00eda ganar para lograr hacer realidad el sue\u00f1o de llegar a la m\u00e1xima cita de la FIFA, al estar locales con mejor diferencia de goles (-2 PAN y -1 CRC).  <\/p>\n<p> Iniciado el compromiso fueron los anfitriones los que tomaron la iniciativa de ir al frente y en una jugada de tiro libre tocaron en corto para que Randal Leal sorprendiera con un potente dispar\u00f3 que termin\u00f3 al fondo de las redes del conjunto paname\u00f1o al minuto 9 del compromiso.  <\/p>\n<p> De ah\u00ed en adelante, Panam\u00e1 empez\u00f3 a nivelar las acciones y a imponerse en cancha, sin embargo, no hubo m\u00e1s goles al t\u00e9rmino del primer tiempo.  <\/p>\n<p> En la segunda mitad el equipo &lsquo;canalero&rsquo; sali\u00f3 con todo, y en un saque de banda, Isidoro Hinestroza supo sacarse el espacio en el \u00e1rea oponente para disparar y poner la paridad al minuto 56. El equipo sigui\u00f3 insistiendo una y otra vez, pero no le fue suficiente. \u00a0  <\/p>\n<p> \u00a0  <\/p>\n","protected":false},"excerpt":{"rendered":"<p>La Sub -20 de Panam\u00e1 empat\u00f3 con\u00a0 Costa Rica a <a href=\"https:\/\/sertv.gob.pa\/nacionalfm\/panama-se-despide-de-sueno-mundialista-sub-20-con-empate\/\"> [&#8230;]<\/a><\/p>\n","protected":false},"author":1,"featured_media":18803,"comment_status":"closed","ping_status":"closed","sticky":false,"template":"","format":"standard","meta":{"footnotes":""},"categories":[4],"tags":[],"class_list":["post-18802","post","type-post","status-publish","format-standard","has-post-thumbnail","hentry","category-deportes"],"_links":{"self":[{"href":"https:\/\/sertv.gob.pa\/nacionalfm\/wp-json\/wp\/v2\/posts\/18802","targetHints":{"allow":["GET"]}}],"collection":[{"href":"https:\/\/sertv.gob.pa\/nacionalfm\/wp-json\/wp\/v2\/posts"}],"about":[{"href":"https:\/\/sertv.gob.pa\/nacionalfm\/wp-json\/wp\/v2\/types\/post"}],"author":[{"embeddable":true,"href":"https:\/\/sertv.gob.pa\/nacionalfm\/wp-json\/wp\/v2\/users\/1"}],"replies":[{"embeddable":true,"href":"https:\/\/sertv.gob.pa\/nacionalfm\/wp-json\/wp\/v2\/comments?post=18802"}],"version-history":[{"count":0,"href":"https:\/\/sertv.gob.pa\/nacionalfm\/wp-json\/wp\/v2\/posts\/18802\/revisions"}],"wp:featuredmedia":[{"embeddable":true,"href":"https:\/\/sertv.gob.pa\/nacionalfm\/wp-json\/wp\/v2\/media\/18803"}],"wp:attachment":[{"href":"https:\/\/sertv.gob.pa\/nacionalfm\/wp-json\/wp\/v2\/media?parent=18802"}],"wp:term":[{"taxonomy":"category","embeddable":true,"href":"https:\/\/sertv.gob.pa\/nacionalfm\/wp-json\/wp\/v2\/categories?post=18802"},{"taxonomy":"post_tag","embeddable":true,"href":"https:\/\/sertv.gob.pa\/nacionalfm\/wp-json\/wp\/v2\/tags?post=18802"}],"curies":[{"name":"wp","href":"https:\/\/api.w.org\/{rel}","templated":true}]}}