{"id":18812,"date":"2017-03-06T18:54:56","date_gmt":"2017-03-06T18:54:56","guid":{"rendered":""},"modified":"2017-03-06T18:54:56","modified_gmt":"2017-03-06T18:54:56","slug":"a-excepcion-del-arabe-y-el-plaza-en-la-lpf-hubo-festival-de-empates","status":"publish","type":"post","link":"https:\/\/sertv.gob.pa\/nacionalfm\/a-excepcion-del-arabe-y-el-plaza-en-la-lpf-hubo-festival-de-empates\/","title":{"rendered":"A excepci\u00f3n del \u00c1rabe y el Plaza en la LPF, hubo festival de empates"},"content":{"rendered":"<p>\n A excepci\u00f3n del \u00c1rabe Unido que empat\u00f3 con el Alianza con un marcador de 2-1, \u00a0y el Plaza Amador\u00a0 2-0 ante el Santa Gema FC, todos los partidos restantes finalizaron empatados en la \u00faltima fecha de la Liga Paname\u00f1a de F\u00fatbol.  <\/p>\n<p> El Sporting San Miguelito y el Atl\u00e9tico Nacional empataron a 1 gol en el Estadio Maracan\u00e1 del Chorriillo, Acad\u00e9micos y linces se enfrentaban en lo que se podr\u00eda considerar un duelo directo por el descenso ya que son los dos \u00faltimos de la clasificaci\u00f3n en este apartado.  <\/p>\n<p> Ervin Zorrilla abri\u00f3 el marcador para el Atl\u00e9tico al minuto 34 pero Jorlian S\u00e1nchez empat\u00f3 r\u00e1pidamente el partido para los acad\u00e9micos al minuto 38 desde el punto de penal.  <\/p>\n<p> En otro partido jugado en el Maracan\u00e1 el Chorrillo FC empat\u00f3 a 1 gol con el Atl\u00e9tico Verag\u00fcense.  <\/p>\n<p> \u00a0  <\/p>\n<p>  \u00a0   <\/p>\n","protected":false},"excerpt":{"rendered":"<p>A excepci\u00f3n del \u00c1rabe Unido que empat\u00f3 con el Alianza <a href=\"https:\/\/sertv.gob.pa\/nacionalfm\/a-excepcion-del-arabe-y-el-plaza-en-la-lpf-hubo-festival-de-empates\/\"> [&#8230;]<\/a><\/p>\n","protected":false},"author":1,"featured_media":18813,"comment_status":"closed","ping_status":"closed","sticky":false,"template":"","format":"standard","meta":{"footnotes":""},"categories":[4],"tags":[],"class_list":["post-18812","post","type-post","status-publish","format-standard","has-post-thumbnail","hentry","category-deportes"],"_links":{"self":[{"href":"https:\/\/sertv.gob.pa\/nacionalfm\/wp-json\/wp\/v2\/posts\/18812","targetHints":{"allow":["GET"]}}],"collection":[{"href":"https:\/\/sertv.gob.pa\/nacionalfm\/wp-json\/wp\/v2\/posts"}],"about":[{"href":"https:\/\/sertv.gob.pa\/nacionalfm\/wp-json\/wp\/v2\/types\/post"}],"author":[{"embeddable":true,"href":"https:\/\/sertv.gob.pa\/nacionalfm\/wp-json\/wp\/v2\/users\/1"}],"replies":[{"embeddable":true,"href":"https:\/\/sertv.gob.pa\/nacionalfm\/wp-json\/wp\/v2\/comments?post=18812"}],"version-history":[{"count":0,"href":"https:\/\/sertv.gob.pa\/nacionalfm\/wp-json\/wp\/v2\/posts\/18812\/revisions"}],"wp:featuredmedia":[{"embeddable":true,"href":"https:\/\/sertv.gob.pa\/nacionalfm\/wp-json\/wp\/v2\/media\/18813"}],"wp:attachment":[{"href":"https:\/\/sertv.gob.pa\/nacionalfm\/wp-json\/wp\/v2\/media?parent=18812"}],"wp:term":[{"taxonomy":"category","embeddable":true,"href":"https:\/\/sertv.gob.pa\/nacionalfm\/wp-json\/wp\/v2\/categories?post=18812"},{"taxonomy":"post_tag","embeddable":true,"href":"https:\/\/sertv.gob.pa\/nacionalfm\/wp-json\/wp\/v2\/tags?post=18812"}],"curies":[{"name":"wp","href":"https:\/\/api.w.org\/{rel}","templated":true}]}}