{"id":18828,"date":"2017-03-06T19:54:55","date_gmt":"2017-03-06T19:54:55","guid":{"rendered":""},"modified":"2017-03-06T19:54:55","modified_gmt":"2017-03-06T19:54:55","slug":"macarron-miranda-gana-por-k-o-en-medellin-colombia","status":"publish","type":"post","link":"https:\/\/sertv.gob.pa\/nacionalfm\/macarron-miranda-gana-por-k-o-en-medellin-colombia\/","title":{"rendered":"\u201cMacarr\u00f3n\u201d Miranda gana por K.O. en Medell\u00edn, Colombia"},"content":{"rendered":"<p>\nEl p\u00fagil chiricano Daniel &ldquo;Macrr\u00f3n&rdquo; Miranda, en su primera salida de Panam\u00e1 venci\u00f3 por K.O. en dos asaltos al colombiano Elkis Rosario en Medell\u00edn, Colombia. <\/p>\n<p>Miranda, con un r\u00e9cord de 10 victorias con dos derrotas viene de ganar sus cuatro \u00faltimos encuentros con tres de ellos ganados por la ruta del K.O. <\/p>\n<p>Daniel Miranda viaj\u00f3 acompa\u00f1ado de su entrenador Emilio &ldquo;Ganado Bravo&rdquo; Salcedo. <\/p>\n","protected":false},"excerpt":{"rendered":"<p>El p\u00fagil chiricano Daniel &ldquo;Macrr\u00f3n&rdquo; Miranda, en su primera salida <a href=\"https:\/\/sertv.gob.pa\/nacionalfm\/macarron-miranda-gana-por-k-o-en-medellin-colombia\/\"> [&#8230;]<\/a><\/p>\n","protected":false},"author":1,"featured_media":18829,"comment_status":"closed","ping_status":"closed","sticky":false,"template":"","format":"standard","meta":{"footnotes":""},"categories":[4],"tags":[],"class_list":["post-18828","post","type-post","status-publish","format-standard","has-post-thumbnail","hentry","category-deportes"],"_links":{"self":[{"href":"https:\/\/sertv.gob.pa\/nacionalfm\/wp-json\/wp\/v2\/posts\/18828","targetHints":{"allow":["GET"]}}],"collection":[{"href":"https:\/\/sertv.gob.pa\/nacionalfm\/wp-json\/wp\/v2\/posts"}],"about":[{"href":"https:\/\/sertv.gob.pa\/nacionalfm\/wp-json\/wp\/v2\/types\/post"}],"author":[{"embeddable":true,"href":"https:\/\/sertv.gob.pa\/nacionalfm\/wp-json\/wp\/v2\/users\/1"}],"replies":[{"embeddable":true,"href":"https:\/\/sertv.gob.pa\/nacionalfm\/wp-json\/wp\/v2\/comments?post=18828"}],"version-history":[{"count":0,"href":"https:\/\/sertv.gob.pa\/nacionalfm\/wp-json\/wp\/v2\/posts\/18828\/revisions"}],"wp:featuredmedia":[{"embeddable":true,"href":"https:\/\/sertv.gob.pa\/nacionalfm\/wp-json\/wp\/v2\/media\/18829"}],"wp:attachment":[{"href":"https:\/\/sertv.gob.pa\/nacionalfm\/wp-json\/wp\/v2\/media?parent=18828"}],"wp:term":[{"taxonomy":"category","embeddable":true,"href":"https:\/\/sertv.gob.pa\/nacionalfm\/wp-json\/wp\/v2\/categories?post=18828"},{"taxonomy":"post_tag","embeddable":true,"href":"https:\/\/sertv.gob.pa\/nacionalfm\/wp-json\/wp\/v2\/tags?post=18828"}],"curies":[{"name":"wp","href":"https:\/\/api.w.org\/{rel}","templated":true}]}}