{"id":18833,"date":"2017-03-06T21:23:09","date_gmt":"2017-03-06T21:23:09","guid":{"rendered":""},"modified":"2017-03-06T21:23:09","modified_gmt":"2017-03-06T21:23:09","slug":"pugil-santeno-obtiene-victoria-en-programa-boxistico-de-pedasi","status":"publish","type":"post","link":"https:\/\/sertv.gob.pa\/nacionalfm\/pugil-santeno-obtiene-victoria-en-programa-boxistico-de-pedasi\/","title":{"rendered":"P\u00fagil sante\u00f1o obtiene victoria en programa box\u00edstico de Pedas\u00ed"},"content":{"rendered":"<p>\nEl presidente de la Federaci\u00f3n de Boxeo Ol\u00edmpico de Panam\u00e1 Tom\u00e1s Cianca dio a conocer que en cartelera de boxeo Ol\u00edmpico que se dio en Pedas\u00ed Edwin Aparicio venci\u00f3 por decisi\u00f3n dividida al campe\u00f3n nacional Guantes de Oro el coclesano El\u00edas Vega. <\/p>\n<p>Seg\u00fan el doctor Cianca este encuentro fue candente lo que refleja la decisi\u00f3n dividida brindada por los jueces. <\/p>\n<p>\u00a0 <\/p>\n","protected":false},"excerpt":{"rendered":"<p>El presidente de la Federaci\u00f3n de Boxeo Ol\u00edmpico de Panam\u00e1 <a href=\"https:\/\/sertv.gob.pa\/nacionalfm\/pugil-santeno-obtiene-victoria-en-programa-boxistico-de-pedasi\/\"> [&#8230;]<\/a><\/p>\n","protected":false},"author":1,"featured_media":18834,"comment_status":"closed","ping_status":"closed","sticky":false,"template":"","format":"standard","meta":{"footnotes":""},"categories":[4],"tags":[],"class_list":["post-18833","post","type-post","status-publish","format-standard","has-post-thumbnail","hentry","category-deportes"],"_links":{"self":[{"href":"https:\/\/sertv.gob.pa\/nacionalfm\/wp-json\/wp\/v2\/posts\/18833","targetHints":{"allow":["GET"]}}],"collection":[{"href":"https:\/\/sertv.gob.pa\/nacionalfm\/wp-json\/wp\/v2\/posts"}],"about":[{"href":"https:\/\/sertv.gob.pa\/nacionalfm\/wp-json\/wp\/v2\/types\/post"}],"author":[{"embeddable":true,"href":"https:\/\/sertv.gob.pa\/nacionalfm\/wp-json\/wp\/v2\/users\/1"}],"replies":[{"embeddable":true,"href":"https:\/\/sertv.gob.pa\/nacionalfm\/wp-json\/wp\/v2\/comments?post=18833"}],"version-history":[{"count":0,"href":"https:\/\/sertv.gob.pa\/nacionalfm\/wp-json\/wp\/v2\/posts\/18833\/revisions"}],"wp:featuredmedia":[{"embeddable":true,"href":"https:\/\/sertv.gob.pa\/nacionalfm\/wp-json\/wp\/v2\/media\/18834"}],"wp:attachment":[{"href":"https:\/\/sertv.gob.pa\/nacionalfm\/wp-json\/wp\/v2\/media?parent=18833"}],"wp:term":[{"taxonomy":"category","embeddable":true,"href":"https:\/\/sertv.gob.pa\/nacionalfm\/wp-json\/wp\/v2\/categories?post=18833"},{"taxonomy":"post_tag","embeddable":true,"href":"https:\/\/sertv.gob.pa\/nacionalfm\/wp-json\/wp\/v2\/tags?post=18833"}],"curies":[{"name":"wp","href":"https:\/\/api.w.org\/{rel}","templated":true}]}}