{"id":1884,"date":"2014-10-07T05:00:00","date_gmt":"2014-10-07T05:00:00","guid":{"rendered":""},"modified":"2014-10-07T05:00:00","modified_gmt":"2014-10-07T05:00:00","slug":"incremento-de-roedor-que-ocasiona-hanta-virus","status":"publish","type":"post","link":"https:\/\/sertv.gob.pa\/nacionalfm\/incremento-de-roedor-que-ocasiona-hanta-virus\/","title":{"rendered":"Incremento de roedor que ocasiona hanta virus"},"content":{"rendered":"<p>\nAutoridades del Ministerio de Salud (Minsa) han detectado un aumento del rat\u00f3n que transmite el virus hanta. <\/p>\n<p>La directora nacional de Salud, Itza Barahona de Mosca, expres\u00f3 que esta situaci\u00f3n aumenta el riesgo de contraer la enfermedad. <\/p>\n<p>En tanto, el cient\u00edfico del Instituto Conmemorativo Gorgas de Estudios de la Salud, Blas Armien, detall\u00f3 que para esta \u00e9poca la poblaci\u00f3n de roedores debi\u00f3 comenzar a disminuir, no obstante, no ha sido as\u00ed. <\/p>\n<p>Indic\u00f3 que entre junio y septiembre de este a\u00f1o atraparon a 972 roedores, y para ese mismo per\u00edodo de 2013 la cifra fue de \u00fanicamente 223. <\/p>\n<p>Armien atribuy\u00f3 esta situaci\u00f3n a la falta de lluvias que, a su vez, ha causado la p\u00e9rdida de cosechas, una fuente abundante de alimento para el rat\u00f3n. <\/p>\n<p>Al respecto, Berta Olmedo, de Hidrometeorolog\u00eda de la Empresa de Transmisi\u00f3n El\u00e9ctrica, S.A. (Etesa), indic\u00f3 que en Los Santos, donde se presenta la mayor cantidad de casos, llueve muy poco.\u00a0 @nacionalFm <\/p>\n<p>\u00a0 <\/p>\n","protected":false},"excerpt":{"rendered":"<p>Autoridades del Ministerio de Salud (Minsa) han detectado un aumento <a href=\"https:\/\/sertv.gob.pa\/nacionalfm\/incremento-de-roedor-que-ocasiona-hanta-virus\/\"> [&#8230;]<\/a><\/p>\n","protected":false},"author":1,"featured_media":1885,"comment_status":"closed","ping_status":"closed","sticky":false,"template":"","format":"standard","meta":{"footnotes":""},"categories":[5],"tags":[],"class_list":["post-1884","post","type-post","status-publish","format-standard","has-post-thumbnail","hentry","category-salud"],"_links":{"self":[{"href":"https:\/\/sertv.gob.pa\/nacionalfm\/wp-json\/wp\/v2\/posts\/1884","targetHints":{"allow":["GET"]}}],"collection":[{"href":"https:\/\/sertv.gob.pa\/nacionalfm\/wp-json\/wp\/v2\/posts"}],"about":[{"href":"https:\/\/sertv.gob.pa\/nacionalfm\/wp-json\/wp\/v2\/types\/post"}],"author":[{"embeddable":true,"href":"https:\/\/sertv.gob.pa\/nacionalfm\/wp-json\/wp\/v2\/users\/1"}],"replies":[{"embeddable":true,"href":"https:\/\/sertv.gob.pa\/nacionalfm\/wp-json\/wp\/v2\/comments?post=1884"}],"version-history":[{"count":0,"href":"https:\/\/sertv.gob.pa\/nacionalfm\/wp-json\/wp\/v2\/posts\/1884\/revisions"}],"wp:featuredmedia":[{"embeddable":true,"href":"https:\/\/sertv.gob.pa\/nacionalfm\/wp-json\/wp\/v2\/media\/1885"}],"wp:attachment":[{"href":"https:\/\/sertv.gob.pa\/nacionalfm\/wp-json\/wp\/v2\/media?parent=1884"}],"wp:term":[{"taxonomy":"category","embeddable":true,"href":"https:\/\/sertv.gob.pa\/nacionalfm\/wp-json\/wp\/v2\/categories?post=1884"},{"taxonomy":"post_tag","embeddable":true,"href":"https:\/\/sertv.gob.pa\/nacionalfm\/wp-json\/wp\/v2\/tags?post=1884"}],"curies":[{"name":"wp","href":"https:\/\/api.w.org\/{rel}","templated":true}]}}