{"id":18865,"date":"2017-03-07T21:17:21","date_gmt":"2017-03-07T21:17:21","guid":{"rendered":""},"modified":"2017-03-07T21:17:21","modified_gmt":"2017-03-07T21:17:21","slug":"pugiles-olimpicos-viajan-a-isla-caiman","status":"publish","type":"post","link":"https:\/\/sertv.gob.pa\/nacionalfm\/pugiles-olimpicos-viajan-a-isla-caiman\/","title":{"rendered":"P\u00fagiles ol\u00edmpicos viajan a Isla Caim\u00e1n"},"content":{"rendered":"<p>\nEl presidente de la Federaci\u00f3n de Boxeo Ol\u00edmpico de Panam\u00e1 dio a conocer que la Selecci\u00f3n de Boxeo Ol\u00edmpico de Panam\u00e1 estar\u00e1n combatiendo este 30 de marzo en Isla Caim\u00e1n, en el torneo denominado &ldquo;Noche de Combates M\u00e1rmol y Granito&rdquo;. <\/p>\n<p>El grupo ser\u00e1 encabezado por la campeona mundial Atheyna Bylon se medir\u00e1 a Mar\u00eda Moronta en los 75 kilogramos, Juana de Fr\u00edas de 54 kilos, Luis Hern\u00e1ndez 81 kilo, Abelardo Gonz\u00e1lez 69 kilos y Charlie Wilson de los 64 kilogramos. <\/p>\n<p>Como entrenadores viajar\u00e1n Melanio Flores y Gustavo Caicedo, y como delegada los acompa\u00f1a Amabelis Cama\u00f1o. <\/p>\n<p>Este evento servir\u00e1 de fogueo \u00a0con miras al Campeonato Continental que se efectuar\u00e1 en el mes de junio en Honduras, y que es clasificatorio para el Mundial de Alemania en el mes de octubre. <\/p>\n<p>El doctor Cianca agreg\u00f3 que otros p\u00fagiles ser\u00e1n enviados a topes con Puerto Rico y Jamaica. <\/p>\n","protected":false},"excerpt":{"rendered":"<p>El presidente de la Federaci\u00f3n de Boxeo Ol\u00edmpico de Panam\u00e1 <a href=\"https:\/\/sertv.gob.pa\/nacionalfm\/pugiles-olimpicos-viajan-a-isla-caiman\/\"> [&#8230;]<\/a><\/p>\n","protected":false},"author":1,"featured_media":18866,"comment_status":"closed","ping_status":"closed","sticky":false,"template":"","format":"standard","meta":{"footnotes":""},"categories":[4],"tags":[],"class_list":["post-18865","post","type-post","status-publish","format-standard","has-post-thumbnail","hentry","category-deportes"],"_links":{"self":[{"href":"https:\/\/sertv.gob.pa\/nacionalfm\/wp-json\/wp\/v2\/posts\/18865","targetHints":{"allow":["GET"]}}],"collection":[{"href":"https:\/\/sertv.gob.pa\/nacionalfm\/wp-json\/wp\/v2\/posts"}],"about":[{"href":"https:\/\/sertv.gob.pa\/nacionalfm\/wp-json\/wp\/v2\/types\/post"}],"author":[{"embeddable":true,"href":"https:\/\/sertv.gob.pa\/nacionalfm\/wp-json\/wp\/v2\/users\/1"}],"replies":[{"embeddable":true,"href":"https:\/\/sertv.gob.pa\/nacionalfm\/wp-json\/wp\/v2\/comments?post=18865"}],"version-history":[{"count":0,"href":"https:\/\/sertv.gob.pa\/nacionalfm\/wp-json\/wp\/v2\/posts\/18865\/revisions"}],"wp:featuredmedia":[{"embeddable":true,"href":"https:\/\/sertv.gob.pa\/nacionalfm\/wp-json\/wp\/v2\/media\/18866"}],"wp:attachment":[{"href":"https:\/\/sertv.gob.pa\/nacionalfm\/wp-json\/wp\/v2\/media?parent=18865"}],"wp:term":[{"taxonomy":"category","embeddable":true,"href":"https:\/\/sertv.gob.pa\/nacionalfm\/wp-json\/wp\/v2\/categories?post=18865"},{"taxonomy":"post_tag","embeddable":true,"href":"https:\/\/sertv.gob.pa\/nacionalfm\/wp-json\/wp\/v2\/tags?post=18865"}],"curies":[{"name":"wp","href":"https:\/\/api.w.org\/{rel}","templated":true}]}}