{"id":18893,"date":"2017-03-08T20:46:00","date_gmt":"2017-03-08T20:46:00","guid":{"rendered":""},"modified":"2017-03-08T20:46:00","modified_gmt":"2017-03-08T20:46:00","slug":"realizan-v-carrera-caminata-queremos-y-podemos","status":"publish","type":"post","link":"https:\/\/sertv.gob.pa\/nacionalfm\/realizan-v-carrera-caminata-queremos-y-podemos\/","title":{"rendered":"Realizan V Carrera Caminata \u201cQueremos y Podemos\u201d"},"content":{"rendered":"<p>\nEl pr\u00f3ximo 26 de marzo la Fundaci\u00f3n Down Panam\u00e1 reafirma el mensaje pro inclusi\u00f3n con la V Carrera Caminata de los 5K y la II Children Race &ldquo;Queremos y Podemos&rdquo; por el D\u00eda Mundial de las Personas con S\u00edndrome de Down, en la Cinta Costera, espec\u00edficamente desde los estacionamientos del MOP. <\/p>\n<p>Los fondos recaudados en esta actividad ser\u00e1n destinados para las jornadas de capacitaci\u00f3n para padres con hijos que tienen trisom\u00eda 21 de diversas edades y a los educadores de centros educativos, p\u00fablicos y privados, que se suman a la inclusi\u00f3n acad\u00e9mica, explic\u00f3 Marta Vernaza, presidenta de la Fundaci\u00f3n Down Panam\u00e1. <\/p>\n<p>Panam\u00e1 Ronners es la organizaci\u00f3n log\u00edstica del evento, las inscripciones ya est\u00e1n abiertas en Multiplaza. El costo de inscripci\u00f3n es de B\/.15.00 m\u00e1s ITBM a partir de los 12 a\u00f1os, y en la categor\u00eda Children Race, que participan sas edades entre 4 a 11 a\u00f1os, y su costo es de B\/.10.00, m\u00e1s ITBM. <\/p>\n<p>Durante los d\u00edas 24 y 25 de marzo, se har\u00e1 la entrega de los T-Shirt y el n\u00famero de corredor en SportLine Am\u00e9rica de Multiplaza en horario de 10: 00 de la ma\u00f1ana a 6:00 de la tarde. <\/p>\n","protected":false},"excerpt":{"rendered":"<p>El pr\u00f3ximo 26 de marzo la Fundaci\u00f3n Down Panam\u00e1 reafirma <a href=\"https:\/\/sertv.gob.pa\/nacionalfm\/realizan-v-carrera-caminata-queremos-y-podemos\/\"> [&#8230;]<\/a><\/p>\n","protected":false},"author":1,"featured_media":18894,"comment_status":"closed","ping_status":"closed","sticky":false,"template":"","format":"standard","meta":{"footnotes":""},"categories":[4],"tags":[],"class_list":["post-18893","post","type-post","status-publish","format-standard","has-post-thumbnail","hentry","category-deportes"],"_links":{"self":[{"href":"https:\/\/sertv.gob.pa\/nacionalfm\/wp-json\/wp\/v2\/posts\/18893","targetHints":{"allow":["GET"]}}],"collection":[{"href":"https:\/\/sertv.gob.pa\/nacionalfm\/wp-json\/wp\/v2\/posts"}],"about":[{"href":"https:\/\/sertv.gob.pa\/nacionalfm\/wp-json\/wp\/v2\/types\/post"}],"author":[{"embeddable":true,"href":"https:\/\/sertv.gob.pa\/nacionalfm\/wp-json\/wp\/v2\/users\/1"}],"replies":[{"embeddable":true,"href":"https:\/\/sertv.gob.pa\/nacionalfm\/wp-json\/wp\/v2\/comments?post=18893"}],"version-history":[{"count":0,"href":"https:\/\/sertv.gob.pa\/nacionalfm\/wp-json\/wp\/v2\/posts\/18893\/revisions"}],"wp:featuredmedia":[{"embeddable":true,"href":"https:\/\/sertv.gob.pa\/nacionalfm\/wp-json\/wp\/v2\/media\/18894"}],"wp:attachment":[{"href":"https:\/\/sertv.gob.pa\/nacionalfm\/wp-json\/wp\/v2\/media?parent=18893"}],"wp:term":[{"taxonomy":"category","embeddable":true,"href":"https:\/\/sertv.gob.pa\/nacionalfm\/wp-json\/wp\/v2\/categories?post=18893"},{"taxonomy":"post_tag","embeddable":true,"href":"https:\/\/sertv.gob.pa\/nacionalfm\/wp-json\/wp\/v2\/tags?post=18893"}],"curies":[{"name":"wp","href":"https:\/\/api.w.org\/{rel}","templated":true}]}}