{"id":189,"date":"2014-07-09T05:00:00","date_gmt":"2014-07-09T05:00:00","guid":{"rendered":""},"modified":"2014-07-09T05:00:00","modified_gmt":"2014-07-09T05:00:00","slug":"horario-de-consulta-y-visita-es-establecido-por-instituto-oncologico","status":"publish","type":"post","link":"https:\/\/sertv.gob.pa\/nacionalfm\/horario-de-consulta-y-visita-es-establecido-por-instituto-oncologico\/","title":{"rendered":"Horario de consulta y visita es establecido por Instituto Oncol\u00f3gico"},"content":{"rendered":"<p>\n El Instituto Oncol\u00f3gico Nacional inform\u00f3 que el sistema de citas para consulta y registro de llegada empezar\u00e1 a funcionar desde las 6:00 a.m., mientras que el horario de visita en el \u00e1rea de hospitalizaci\u00f3n durante esta semana ser\u00e1 de 12:00 \u00a0mediod\u00eda a 1:00 p.m., y desde las 6:00 p.m. hasta las 7:00 p.m.  <\/p>\n<p> \u00a0Mediante un comunicado, las autoridades de esta instituci\u00f3n m\u00e9dica recordaron a la poblaci\u00f3n que \u00fanicamente se permite la visita de dos familiares por paciente, y un familiar como acompa\u00f1ante, previa autorizaci\u00f3n. \u00a0 @nacionalFm <\/p>\n<p>\u00a0 <\/p>\n","protected":false},"excerpt":{"rendered":"<p>El Instituto Oncol\u00f3gico Nacional inform\u00f3 que el sistema de citas <a href=\"https:\/\/sertv.gob.pa\/nacionalfm\/horario-de-consulta-y-visita-es-establecido-por-instituto-oncologico\/\"> [&#8230;]<\/a><\/p>\n","protected":false},"author":1,"featured_media":190,"comment_status":"closed","ping_status":"closed","sticky":false,"template":"","format":"standard","meta":{"footnotes":""},"categories":[5],"tags":[],"class_list":["post-189","post","type-post","status-publish","format-standard","has-post-thumbnail","hentry","category-salud"],"_links":{"self":[{"href":"https:\/\/sertv.gob.pa\/nacionalfm\/wp-json\/wp\/v2\/posts\/189","targetHints":{"allow":["GET"]}}],"collection":[{"href":"https:\/\/sertv.gob.pa\/nacionalfm\/wp-json\/wp\/v2\/posts"}],"about":[{"href":"https:\/\/sertv.gob.pa\/nacionalfm\/wp-json\/wp\/v2\/types\/post"}],"author":[{"embeddable":true,"href":"https:\/\/sertv.gob.pa\/nacionalfm\/wp-json\/wp\/v2\/users\/1"}],"replies":[{"embeddable":true,"href":"https:\/\/sertv.gob.pa\/nacionalfm\/wp-json\/wp\/v2\/comments?post=189"}],"version-history":[{"count":0,"href":"https:\/\/sertv.gob.pa\/nacionalfm\/wp-json\/wp\/v2\/posts\/189\/revisions"}],"wp:featuredmedia":[{"embeddable":true,"href":"https:\/\/sertv.gob.pa\/nacionalfm\/wp-json\/wp\/v2\/media\/190"}],"wp:attachment":[{"href":"https:\/\/sertv.gob.pa\/nacionalfm\/wp-json\/wp\/v2\/media?parent=189"}],"wp:term":[{"taxonomy":"category","embeddable":true,"href":"https:\/\/sertv.gob.pa\/nacionalfm\/wp-json\/wp\/v2\/categories?post=189"},{"taxonomy":"post_tag","embeddable":true,"href":"https:\/\/sertv.gob.pa\/nacionalfm\/wp-json\/wp\/v2\/tags?post=189"}],"curies":[{"name":"wp","href":"https:\/\/api.w.org\/{rel}","templated":true}]}}