{"id":18917,"date":"2017-03-09T17:18:54","date_gmt":"2017-03-09T17:18:54","guid":{"rendered":""},"modified":"2017-03-09T17:18:54","modified_gmt":"2017-03-09T17:18:54","slug":"se-ultiman-detalles-para-proximos-juegos-juveniles-nacionales","status":"publish","type":"post","link":"https:\/\/sertv.gob.pa\/nacionalfm\/se-ultiman-detalles-para-proximos-juegos-juveniles-nacionales\/","title":{"rendered":"Se ultiman detalles para pr\u00f3ximos Juegos Juveniles Nacionales"},"content":{"rendered":"<p>\nEl Comit\u00e9 Organizador del Instituto Paname\u00f1o de Deportes y las Federaciones Deportivas realizaron una nueva reuni\u00f3n \u00a0para ultimar detalles t\u00e9cnicos sobre los V Juegos Juveniles Nacionales que se celebrar\u00e1n del 17 al 27 de marzo. <\/p>\n<p>Se abordaron temas relacionados con la inauguraci\u00f3n prograda para el lunes 20 de marzo en la arena Roberto Dur\u00e1n y la clausura en el mismo coliseo el domingo 26 a las 4:00 de la tarde. <\/p>\n<p>Igualmente sobre el sistema de competencias, que estar\u00e1n a cargo de cada una de las federaciones y el hospedaje, para lo cual se ha contemplado ubicar en hoteles a los m\u00e1s de 3 mil 500 atletas, entrenadores, chaperonas y delegados que participar\u00e1n de esta justa, que contar\u00e1 con deportes inclusivos para atletas con discapacidad. <\/p>\n<p>Tambi\u00e9n se abord\u00f3 sobre la seguridad, atenci\u00f3n m\u00e9dica y traslado de los atletas de acuerdo a los lugares de competencias, tomando en cuenta que se contar\u00e1 con representantes de las provincias de Bocas de Toro con 244 atletas, Cocl\u00e9 con 339, Col\u00f3n 381, Chiriqu\u00ed 359, Dari\u00e9n 64, Herrera 337, Los Santos 206, Panam\u00e1 458, Panam\u00e1 Oeste 278, Veraguas 369 y las comarcas Guna Yala y Ng\u00e4be Bugl\u00e9 con 74. <\/p>\n<p>Las competencias se desarrollar\u00e1n en Ajedrez del 20-24 en el Hotel Panam\u00e1; Atletismo del 18-22 en el estadio Rommel Fern\u00e1ndez; Baloncesto del 18-26 en la arena Roberto Dur\u00e1n; Balonmano 18-23 en el colegio Mar\u00eda Inmaculada; Boxeo del 18-21 en el gimnasio Eugenio &ldquo;Yuy\u00edn&rdquo; Luzcando; Gimnasia el 25-26 en el gimnasio de Albrook; Hockey sobre c\u00e9sped del 18-22 en el estadio Luis &ldquo;Cascarita&rdquo; Tapia; Judo el 21-22 en el gimnasio Universitario; Karate el 18-19 en gimnasio Universitario; Lucha del 24-26 en gimnasio Universitario; Nataci\u00f3n del 18-20 en la piscina Eileen Coparropa. <\/p>\n<p>Las Pesas el 25 en el complejo Reparto Nuevo Panam\u00e1; Softbol del 18-26 en la ciudad deportiva Kiwanis; Taekwondo el 25-26 en gimnasio Universitario de la Transitica; Tenis del 18-20 en las canchas de Llano de Curund\u00fa; Tenis de mesa del 24-26 en gimnasio del colegio Oxford School; Triatl\u00f3n el 18 en Fuerte Sherman y Voleibol del 18-26 en el gimnasio Jos\u00e9 &ldquo;Beto&rdquo; Rem\u00f3n. <\/p>\n<p>\u00a0 <\/p>\n","protected":false},"excerpt":{"rendered":"<p>El Comit\u00e9 Organizador del Instituto Paname\u00f1o de Deportes y las <a href=\"https:\/\/sertv.gob.pa\/nacionalfm\/se-ultiman-detalles-para-proximos-juegos-juveniles-nacionales\/\"> [&#8230;]<\/a><\/p>\n","protected":false},"author":1,"featured_media":18918,"comment_status":"closed","ping_status":"closed","sticky":false,"template":"","format":"standard","meta":{"footnotes":""},"categories":[4],"tags":[],"class_list":["post-18917","post","type-post","status-publish","format-standard","has-post-thumbnail","hentry","category-deportes"],"_links":{"self":[{"href":"https:\/\/sertv.gob.pa\/nacionalfm\/wp-json\/wp\/v2\/posts\/18917","targetHints":{"allow":["GET"]}}],"collection":[{"href":"https:\/\/sertv.gob.pa\/nacionalfm\/wp-json\/wp\/v2\/posts"}],"about":[{"href":"https:\/\/sertv.gob.pa\/nacionalfm\/wp-json\/wp\/v2\/types\/post"}],"author":[{"embeddable":true,"href":"https:\/\/sertv.gob.pa\/nacionalfm\/wp-json\/wp\/v2\/users\/1"}],"replies":[{"embeddable":true,"href":"https:\/\/sertv.gob.pa\/nacionalfm\/wp-json\/wp\/v2\/comments?post=18917"}],"version-history":[{"count":0,"href":"https:\/\/sertv.gob.pa\/nacionalfm\/wp-json\/wp\/v2\/posts\/18917\/revisions"}],"wp:featuredmedia":[{"embeddable":true,"href":"https:\/\/sertv.gob.pa\/nacionalfm\/wp-json\/wp\/v2\/media\/18918"}],"wp:attachment":[{"href":"https:\/\/sertv.gob.pa\/nacionalfm\/wp-json\/wp\/v2\/media?parent=18917"}],"wp:term":[{"taxonomy":"category","embeddable":true,"href":"https:\/\/sertv.gob.pa\/nacionalfm\/wp-json\/wp\/v2\/categories?post=18917"},{"taxonomy":"post_tag","embeddable":true,"href":"https:\/\/sertv.gob.pa\/nacionalfm\/wp-json\/wp\/v2\/tags?post=18917"}],"curies":[{"name":"wp","href":"https:\/\/api.w.org\/{rel}","templated":true}]}}