{"id":18919,"date":"2017-03-09T18:05:05","date_gmt":"2017-03-09T18:05:05","guid":{"rendered":""},"modified":"2017-03-09T18:05:05","modified_gmt":"2017-03-09T18:05:05","slug":"rapidos-diagnosticos-promete-mamografia-3d","status":"publish","type":"post","link":"https:\/\/sertv.gob.pa\/nacionalfm\/rapidos-diagnosticos-promete-mamografia-3d\/","title":{"rendered":"R\u00e1pidos diagn\u00f3sticos promete mamograf\u00eda 3D"},"content":{"rendered":"<p>\nUn nuevo de equipo de mamograf\u00eda de \u00faltima generaci\u00f3n ser\u00eda una esperanza m\u00e1s para la lucha contra el c\u00e1ncer de mamas en mujeres paname\u00f1as, sobre todo las que tienen menos recursos. <\/p>\n<p>La tomos\u00edntesis es una mamograf\u00eda que tiene la capacidad de estudiar una lesi\u00f3n de la mama afectada con cortes ultrafinos. <\/p>\n<p>A trav\u00e9s de la reconstrucci\u00f3n tridimensional se determina con precisi\u00f3n el lugar donde se puede tomar la muestra para una biopsia y\u00a0se evita as\u00ed, \u00a0la repetici\u00f3n de estudios y de cirug\u00edas innecesarias. <\/p>\n<p>El Hospital Susana Jones, ubicado en Villa Lucre, fue equipado con este equipo para efectuar ex\u00e1menes en 2D y 3D, adem\u00e1s de biopsia.\u00a0 <\/p>\n<p>\u00a0 <\/p>\n","protected":false},"excerpt":{"rendered":"<p>Un nuevo de equipo de mamograf\u00eda de \u00faltima generaci\u00f3n ser\u00eda <a href=\"https:\/\/sertv.gob.pa\/nacionalfm\/rapidos-diagnosticos-promete-mamografia-3d\/\"> [&#8230;]<\/a><\/p>\n","protected":false},"author":1,"featured_media":18920,"comment_status":"closed","ping_status":"closed","sticky":false,"template":"","format":"standard","meta":{"footnotes":""},"categories":[5],"tags":[],"class_list":["post-18919","post","type-post","status-publish","format-standard","has-post-thumbnail","hentry","category-salud"],"_links":{"self":[{"href":"https:\/\/sertv.gob.pa\/nacionalfm\/wp-json\/wp\/v2\/posts\/18919","targetHints":{"allow":["GET"]}}],"collection":[{"href":"https:\/\/sertv.gob.pa\/nacionalfm\/wp-json\/wp\/v2\/posts"}],"about":[{"href":"https:\/\/sertv.gob.pa\/nacionalfm\/wp-json\/wp\/v2\/types\/post"}],"author":[{"embeddable":true,"href":"https:\/\/sertv.gob.pa\/nacionalfm\/wp-json\/wp\/v2\/users\/1"}],"replies":[{"embeddable":true,"href":"https:\/\/sertv.gob.pa\/nacionalfm\/wp-json\/wp\/v2\/comments?post=18919"}],"version-history":[{"count":0,"href":"https:\/\/sertv.gob.pa\/nacionalfm\/wp-json\/wp\/v2\/posts\/18919\/revisions"}],"wp:featuredmedia":[{"embeddable":true,"href":"https:\/\/sertv.gob.pa\/nacionalfm\/wp-json\/wp\/v2\/media\/18920"}],"wp:attachment":[{"href":"https:\/\/sertv.gob.pa\/nacionalfm\/wp-json\/wp\/v2\/media?parent=18919"}],"wp:term":[{"taxonomy":"category","embeddable":true,"href":"https:\/\/sertv.gob.pa\/nacionalfm\/wp-json\/wp\/v2\/categories?post=18919"},{"taxonomy":"post_tag","embeddable":true,"href":"https:\/\/sertv.gob.pa\/nacionalfm\/wp-json\/wp\/v2\/tags?post=18919"}],"curies":[{"name":"wp","href":"https:\/\/api.w.org\/{rel}","templated":true}]}}