{"id":18927,"date":"2017-03-09T19:41:46","date_gmt":"2017-03-09T19:41:46","guid":{"rendered":""},"modified":"2017-03-09T19:41:46","modified_gmt":"2017-03-09T19:41:46","slug":"pandeportes-coordina-programa-en-centro-de-menores","status":"publish","type":"post","link":"https:\/\/sertv.gob.pa\/nacionalfm\/pandeportes-coordina-programa-en-centro-de-menores\/","title":{"rendered":"PANDEPORTES coordina programa en Centro de Menores"},"content":{"rendered":"<p>\nEl Instituto Paname\u00f1o de Deportes coordina con el Centro de Cumplimiento de Menores, un programa de deportes dirigido a los j\u00f3venes que se encuentran recluidos en esta entidad. <\/p>\n<p>Funcionarios del Departamento de Deportes para Todos, de la Direcci\u00f3n T\u00e9cnica de Deportes y Recreaci\u00f3n de PANDEPORTES se reunieron con directivos del Centro de Cumplimiento de Menores, para darle seguimiento a las actividades que se iniciaron el a\u00f1o pasado y que fueron muy aceptadas por los j\u00f3venes reclusos, por lo que ellos mismos solicitaron su continuidad. <\/p>\n<p>El programa ejecutado por PANDEPORTES \u00a0abarcar\u00e1 por espacio de tres meses la pr\u00e1ctica de f\u00fatbol, baloncesto y bola suave, disciplinas que el Centro de Cumplimiento de Menores, ubicado en Pacora cuenta con las facilidades para el desarrollo de estas disciplinas. <\/p>\n<p>PANDEPORTES para este programa aporta los implementos y los instructores, entre los que est\u00e1n los exseleccionados, en f\u00fatbol Ricardo &ldquo;El Halc\u00f3n&rdquo; Buitrago y Roberto Hansell; en baloncesto Louther Francis, y en softbol, el exgrandes ligas Carlos Maldonado, determin\u00e1ndose que las actividades se efectuar\u00e1n de martes a viernes en horario de una a tres de la tarde, despu\u00e9s que los recluidos cumplen con sus clases en los diferentes talleres del centro. <\/p>\n<p>La directora del Centro de Cumplimiento de Menores, Lidia Camarena, resalt\u00f3 como positivo el programa que se desarrolla en conjunto con PANDEPORTES, por la aceptaci\u00f3n que ha tenido entre los reclusos. &ldquo;Estos j\u00f3venes participan con mucho entusiasmo y el deporte nos ha ayudado a mejorar su actitud, como algo fundamental de lo que buscamos cuando ellos salgan del centro&rdquo;. <\/p>\n<p>\u00a0 <\/p>\n","protected":false},"excerpt":{"rendered":"<p>El Instituto Paname\u00f1o de Deportes coordina con el Centro de <a href=\"https:\/\/sertv.gob.pa\/nacionalfm\/pandeportes-coordina-programa-en-centro-de-menores\/\"> [&#8230;]<\/a><\/p>\n","protected":false},"author":1,"featured_media":18928,"comment_status":"closed","ping_status":"closed","sticky":false,"template":"","format":"standard","meta":{"footnotes":""},"categories":[4],"tags":[],"class_list":["post-18927","post","type-post","status-publish","format-standard","has-post-thumbnail","hentry","category-deportes"],"_links":{"self":[{"href":"https:\/\/sertv.gob.pa\/nacionalfm\/wp-json\/wp\/v2\/posts\/18927","targetHints":{"allow":["GET"]}}],"collection":[{"href":"https:\/\/sertv.gob.pa\/nacionalfm\/wp-json\/wp\/v2\/posts"}],"about":[{"href":"https:\/\/sertv.gob.pa\/nacionalfm\/wp-json\/wp\/v2\/types\/post"}],"author":[{"embeddable":true,"href":"https:\/\/sertv.gob.pa\/nacionalfm\/wp-json\/wp\/v2\/users\/1"}],"replies":[{"embeddable":true,"href":"https:\/\/sertv.gob.pa\/nacionalfm\/wp-json\/wp\/v2\/comments?post=18927"}],"version-history":[{"count":0,"href":"https:\/\/sertv.gob.pa\/nacionalfm\/wp-json\/wp\/v2\/posts\/18927\/revisions"}],"wp:featuredmedia":[{"embeddable":true,"href":"https:\/\/sertv.gob.pa\/nacionalfm\/wp-json\/wp\/v2\/media\/18928"}],"wp:attachment":[{"href":"https:\/\/sertv.gob.pa\/nacionalfm\/wp-json\/wp\/v2\/media?parent=18927"}],"wp:term":[{"taxonomy":"category","embeddable":true,"href":"https:\/\/sertv.gob.pa\/nacionalfm\/wp-json\/wp\/v2\/categories?post=18927"},{"taxonomy":"post_tag","embeddable":true,"href":"https:\/\/sertv.gob.pa\/nacionalfm\/wp-json\/wp\/v2\/tags?post=18927"}],"curies":[{"name":"wp","href":"https:\/\/api.w.org\/{rel}","templated":true}]}}