{"id":18953,"date":"2017-03-10T18:19:13","date_gmt":"2017-03-10T18:19:13","guid":{"rendered":""},"modified":"2017-03-10T18:19:13","modified_gmt":"2017-03-10T18:19:13","slug":"la-yuca-amarga-se-vincula-con-varias-muertes-en-venezuela","status":"publish","type":"post","link":"https:\/\/sertv.gob.pa\/nacionalfm\/la-yuca-amarga-se-vincula-con-varias-muertes-en-venezuela\/","title":{"rendered":"La yuca amarga se vincula con varias muertes en Venezuela"},"content":{"rendered":"<p>\nLa yuca es un tub\u00e9rculo de valor econ\u00f3mico bajo, de f\u00e1cil cultivo y excelente sustituto para el pan o la papa. Pero tiene un peligro: que se confunda con la yuca amarga, que puede provocar la muerte. <\/p>\n<p>Los niveles de cianuro o \u00e1cido cianh\u00eddrico presentes en la yuca amarga, si no es tratada y cocinada de manera adecuada, pueden ocasionar desde intoxicaci\u00f3n hasta un fallo masivo en los \u00f3rganos vitales, como el h\u00edgado y el cerebro. <\/p>\n<p> Los reportes del creciente consumo de este tub\u00e9rculo en Venezuela han despertado preocupaci\u00f3n  en autoridades locales y centros m\u00e9dicos en varios estados del pa\u00eds. <\/p>\n<p>El gobierno nacional no ha publicado una cifra exacta de intoxicaciones o fallecimientos por yuca amarga, pero el Servicio Aut\u00f3nomo de Contralor\u00eda Sanitaria \u00abdedica esfuerzos a educar a la poblaci\u00f3n para prevenir m\u00e1s casos de ingesta de yuca amarga\u00bb, se\u00f1al\u00f3 el ente a BBC Mundo. <\/p>\n<p>Seg\u00fan la Comisi\u00f3n de Salud de la Asamblea Nacional, de mayor\u00eda opositora, 28 personas han fallecido como consecuencia de haber comido yuca amarga entre noviembre de 2016 y marzo de este a\u00f1o. <\/p>\n<p>El comit\u00e9 estim\u00f3 esa cifra bas\u00e1ndose en reportes no oficiales de la red M\u00e9dicos por la Salud y de medios de comunicaci\u00f3n, le dijo a BBC Mundo el diputado Jos\u00e9 Manuel Olivares. <\/p>\n<p>\u00a0 <\/p>\n","protected":false},"excerpt":{"rendered":"<p>La yuca es un tub\u00e9rculo de valor econ\u00f3mico bajo, de <a href=\"https:\/\/sertv.gob.pa\/nacionalfm\/la-yuca-amarga-se-vincula-con-varias-muertes-en-venezuela\/\"> [&#8230;]<\/a><\/p>\n","protected":false},"author":1,"featured_media":18954,"comment_status":"closed","ping_status":"closed","sticky":false,"template":"","format":"standard","meta":{"footnotes":""},"categories":[5],"tags":[],"class_list":["post-18953","post","type-post","status-publish","format-standard","has-post-thumbnail","hentry","category-salud"],"_links":{"self":[{"href":"https:\/\/sertv.gob.pa\/nacionalfm\/wp-json\/wp\/v2\/posts\/18953","targetHints":{"allow":["GET"]}}],"collection":[{"href":"https:\/\/sertv.gob.pa\/nacionalfm\/wp-json\/wp\/v2\/posts"}],"about":[{"href":"https:\/\/sertv.gob.pa\/nacionalfm\/wp-json\/wp\/v2\/types\/post"}],"author":[{"embeddable":true,"href":"https:\/\/sertv.gob.pa\/nacionalfm\/wp-json\/wp\/v2\/users\/1"}],"replies":[{"embeddable":true,"href":"https:\/\/sertv.gob.pa\/nacionalfm\/wp-json\/wp\/v2\/comments?post=18953"}],"version-history":[{"count":0,"href":"https:\/\/sertv.gob.pa\/nacionalfm\/wp-json\/wp\/v2\/posts\/18953\/revisions"}],"wp:featuredmedia":[{"embeddable":true,"href":"https:\/\/sertv.gob.pa\/nacionalfm\/wp-json\/wp\/v2\/media\/18954"}],"wp:attachment":[{"href":"https:\/\/sertv.gob.pa\/nacionalfm\/wp-json\/wp\/v2\/media?parent=18953"}],"wp:term":[{"taxonomy":"category","embeddable":true,"href":"https:\/\/sertv.gob.pa\/nacionalfm\/wp-json\/wp\/v2\/categories?post=18953"},{"taxonomy":"post_tag","embeddable":true,"href":"https:\/\/sertv.gob.pa\/nacionalfm\/wp-json\/wp\/v2\/tags?post=18953"}],"curies":[{"name":"wp","href":"https:\/\/api.w.org\/{rel}","templated":true}]}}