{"id":18955,"date":"2017-03-10T18:58:01","date_gmt":"2017-03-10T18:58:01","guid":{"rendered":""},"modified":"2017-03-10T18:58:01","modified_gmt":"2017-03-10T18:58:01","slug":"matadero-de-las-tablas-es-inspeccionado-por-minsa","status":"publish","type":"post","link":"https:\/\/sertv.gob.pa\/nacionalfm\/matadero-de-las-tablas-es-inspeccionado-por-minsa\/","title":{"rendered":"Matadero de Las Tablas es inspeccionado por MINSA"},"content":{"rendered":"<p>\nEl Viceministro de Salud, Dr. Eric Ulloa, acompa\u00f1ado por sus hom\u00f3logos del Ministerio de Comercio e Industrias (MICI)\u00a0y del Ministerio de Desarrollo Agropecuario (MIDA), realiz\u00f3 una visita de coordinaci\u00f3n a la Planta Uni\u00f3n Ganadera de Los Santos (Ungasa), con miras a garantizar la salubridad de la compa\u00f1\u00eda que se dedica a la importaci\u00f3n. <\/p>\n<p>Tras conversar con los directivos y empleados de Ungasa, las autoridades recorrieron las instalaciones de la planta, verificando el proceso desde el sacrificio del animal hasta el deshuese, verificando la tecnolog\u00eda que usa la empresa. <\/p>\n<p>Al respecto, el Viceministro Ulloa expres\u00f3 que &ldquo;es necesario cumplir con las normas sanitarias internas para poder cumplir con las normas internacionales. El concepto de salud hoy d\u00eda de salud animal y humana es importante, por eso en eventos recientes como carnavales el ministerio hizo sus operativos para que las carnes puedan ser consumidas&rdquo;. <\/p>\n<p>Igualmente manifest\u00f3 que hay que asegurar que las carnes que se consumen localmente sean frescas y logren las mismas medidas que los productos que se exportan. &ldquo;Las medidas sanitarias deben cumplirse en todos los mataderos del pa\u00eds, si una empresa quiere exportar deben cumplir con las medidas sanitarias del Minsa&rdquo;, puntualiz\u00f3 el Dr. Ulloa. <\/p>\n<p>\u00a0 <\/p>\n","protected":false},"excerpt":{"rendered":"<p>El Viceministro de Salud, Dr. Eric Ulloa, acompa\u00f1ado por sus <a href=\"https:\/\/sertv.gob.pa\/nacionalfm\/matadero-de-las-tablas-es-inspeccionado-por-minsa\/\"> [&#8230;]<\/a><\/p>\n","protected":false},"author":1,"featured_media":18956,"comment_status":"closed","ping_status":"closed","sticky":false,"template":"","format":"standard","meta":{"footnotes":""},"categories":[5],"tags":[],"class_list":["post-18955","post","type-post","status-publish","format-standard","has-post-thumbnail","hentry","category-salud"],"_links":{"self":[{"href":"https:\/\/sertv.gob.pa\/nacionalfm\/wp-json\/wp\/v2\/posts\/18955","targetHints":{"allow":["GET"]}}],"collection":[{"href":"https:\/\/sertv.gob.pa\/nacionalfm\/wp-json\/wp\/v2\/posts"}],"about":[{"href":"https:\/\/sertv.gob.pa\/nacionalfm\/wp-json\/wp\/v2\/types\/post"}],"author":[{"embeddable":true,"href":"https:\/\/sertv.gob.pa\/nacionalfm\/wp-json\/wp\/v2\/users\/1"}],"replies":[{"embeddable":true,"href":"https:\/\/sertv.gob.pa\/nacionalfm\/wp-json\/wp\/v2\/comments?post=18955"}],"version-history":[{"count":0,"href":"https:\/\/sertv.gob.pa\/nacionalfm\/wp-json\/wp\/v2\/posts\/18955\/revisions"}],"wp:featuredmedia":[{"embeddable":true,"href":"https:\/\/sertv.gob.pa\/nacionalfm\/wp-json\/wp\/v2\/media\/18956"}],"wp:attachment":[{"href":"https:\/\/sertv.gob.pa\/nacionalfm\/wp-json\/wp\/v2\/media?parent=18955"}],"wp:term":[{"taxonomy":"category","embeddable":true,"href":"https:\/\/sertv.gob.pa\/nacionalfm\/wp-json\/wp\/v2\/categories?post=18955"},{"taxonomy":"post_tag","embeddable":true,"href":"https:\/\/sertv.gob.pa\/nacionalfm\/wp-json\/wp\/v2\/tags?post=18955"}],"curies":[{"name":"wp","href":"https:\/\/api.w.org\/{rel}","templated":true}]}}