{"id":18985,"date":"2017-03-13T21:20:11","date_gmt":"2017-03-13T21:20:11","guid":{"rendered":""},"modified":"2017-03-13T21:20:11","modified_gmt":"2017-03-13T21:20:11","slug":"seleccion-de-futbol-playa-recibe-incentivos-economicos","status":"publish","type":"post","link":"https:\/\/sertv.gob.pa\/nacionalfm\/seleccion-de-futbol-playa-recibe-incentivos-economicos\/","title":{"rendered":"Selecci\u00f3n de F\u00fatbol Playa recibe incentivos econ\u00f3micos"},"content":{"rendered":"<p>\nLa Selecci\u00f3n Nacional de F\u00fatbol Playa, luego de lograr la clasificaci\u00f3n Mundial y de ganar el torneo eliminatorio de la CONCACAF en Bahamas, recibi\u00f3 incentivos econ\u00f3micos, que le permitan afrontar con tranquilidad lo que viene por delante en su preparaci\u00f3n para la cita mundialista entre el 27 de abril y el 7 de mayo en el mismo escenario de la isla caribe\u00f1a. <\/p>\n<p>En un acto de reconocimiento el Instituto Paname\u00f1o de Deportes le otorg\u00f3 a cada uno de los integrantes de la selecci\u00f3n una beca deportiva a raz\u00f3n de B\/.500. 00 mensuales entre el 1 de marzo y el 31 de julio, y la Federaci\u00f3n Paname\u00f1a F\u00fatbol, una bonificaci\u00f3n de mil 200 balboas a los jugadores y el cuerpo t\u00e9cnico. <\/p>\n<p>El acto de reconocimiento a la selecci\u00f3n de f\u00fatbol playa, estuvo encabezado por el director general de PANDEPORTES, Roberto Arango; el presidente del Comit\u00e9 Ol\u00edmpico de Panam\u00e1 (COP), Camilo Amado; Gean Carlos Calvosa, coordinador del F\u00fatbol Playa de la FEPAFUT, y otros altos directivos de la entidad regente del balompi\u00e9 paname\u00f1o. <\/p>\n","protected":false},"excerpt":{"rendered":"<p>La Selecci\u00f3n Nacional de F\u00fatbol Playa, luego de lograr la <a href=\"https:\/\/sertv.gob.pa\/nacionalfm\/seleccion-de-futbol-playa-recibe-incentivos-economicos\/\"> [&#8230;]<\/a><\/p>\n","protected":false},"author":1,"featured_media":18986,"comment_status":"closed","ping_status":"closed","sticky":false,"template":"","format":"standard","meta":{"footnotes":""},"categories":[4],"tags":[],"class_list":["post-18985","post","type-post","status-publish","format-standard","has-post-thumbnail","hentry","category-deportes"],"_links":{"self":[{"href":"https:\/\/sertv.gob.pa\/nacionalfm\/wp-json\/wp\/v2\/posts\/18985","targetHints":{"allow":["GET"]}}],"collection":[{"href":"https:\/\/sertv.gob.pa\/nacionalfm\/wp-json\/wp\/v2\/posts"}],"about":[{"href":"https:\/\/sertv.gob.pa\/nacionalfm\/wp-json\/wp\/v2\/types\/post"}],"author":[{"embeddable":true,"href":"https:\/\/sertv.gob.pa\/nacionalfm\/wp-json\/wp\/v2\/users\/1"}],"replies":[{"embeddable":true,"href":"https:\/\/sertv.gob.pa\/nacionalfm\/wp-json\/wp\/v2\/comments?post=18985"}],"version-history":[{"count":0,"href":"https:\/\/sertv.gob.pa\/nacionalfm\/wp-json\/wp\/v2\/posts\/18985\/revisions"}],"wp:featuredmedia":[{"embeddable":true,"href":"https:\/\/sertv.gob.pa\/nacionalfm\/wp-json\/wp\/v2\/media\/18986"}],"wp:attachment":[{"href":"https:\/\/sertv.gob.pa\/nacionalfm\/wp-json\/wp\/v2\/media?parent=18985"}],"wp:term":[{"taxonomy":"category","embeddable":true,"href":"https:\/\/sertv.gob.pa\/nacionalfm\/wp-json\/wp\/v2\/categories?post=18985"},{"taxonomy":"post_tag","embeddable":true,"href":"https:\/\/sertv.gob.pa\/nacionalfm\/wp-json\/wp\/v2\/tags?post=18985"}],"curies":[{"name":"wp","href":"https:\/\/api.w.org\/{rel}","templated":true}]}}