{"id":1900,"date":"2014-10-07T05:00:00","date_gmt":"2014-10-07T05:00:00","guid":{"rendered":""},"modified":"2014-10-07T05:00:00","modified_gmt":"2014-10-07T05:00:00","slug":"el-ebola-puede-llegar-a-francia-y-gran-bretana-proximamente","status":"publish","type":"post","link":"https:\/\/sertv.gob.pa\/nacionalfm\/el-ebola-puede-llegar-a-francia-y-gran-bretana-proximamente\/","title":{"rendered":"El \u00c9bola puede llegar a Francia y Gran Breta\u00f1a pr\u00f3ximamente"},"content":{"rendered":"<p>\nFrancia y Gran Breta\u00f1a est\u00e1n entre los pa\u00edses con m\u00e1s posibilidades de tener el virus del Ebola pr\u00f3ximamente porque los pa\u00edses m\u00e1s afectados, Guinea, Sierra Leona y Liberia, incluyen franc\u00f3fonos y tienen rutas de transporte activas, mientras que el aeropuerto brit\u00e1nico de Heathrow es uno de los m\u00e1s concurridos del mundo. <\/p>\n<p>Derek Gatherer, un experto en el virus de la Universidad de Lancaster, en el Reino Unido, manifest\u00f3 que &ldquo;si esto contin\u00faa aumentando en \u00c1frica Occidental y efectivamente empeora, como algunas personas han previsto, solo es cuesti\u00f3n de tiempo antes de que uno de estos casos termine en un avi\u00f3n hacia Europa. <\/p>\n<p>La Organizaci\u00f3n Mundial de la Salud OMS, no ha impuesto ninguna restricci\u00f3n a los viajes y\u00a0ha alentado a las aerol\u00edneas a seguir volando a los pa\u00edses m\u00e1s afectados, sin embargo British Airways y Emirates airlines han suspendido algunos vuelos.\u00a0 @nacionalFm <\/p>\n<p>\u00a0 <\/p>\n","protected":false},"excerpt":{"rendered":"<p>Francia y Gran Breta\u00f1a est\u00e1n entre los pa\u00edses con m\u00e1s <a href=\"https:\/\/sertv.gob.pa\/nacionalfm\/el-ebola-puede-llegar-a-francia-y-gran-bretana-proximamente\/\"> [&#8230;]<\/a><\/p>\n","protected":false},"author":1,"featured_media":1901,"comment_status":"closed","ping_status":"closed","sticky":false,"template":"","format":"standard","meta":{"footnotes":""},"categories":[5],"tags":[],"class_list":["post-1900","post","type-post","status-publish","format-standard","has-post-thumbnail","hentry","category-salud"],"_links":{"self":[{"href":"https:\/\/sertv.gob.pa\/nacionalfm\/wp-json\/wp\/v2\/posts\/1900","targetHints":{"allow":["GET"]}}],"collection":[{"href":"https:\/\/sertv.gob.pa\/nacionalfm\/wp-json\/wp\/v2\/posts"}],"about":[{"href":"https:\/\/sertv.gob.pa\/nacionalfm\/wp-json\/wp\/v2\/types\/post"}],"author":[{"embeddable":true,"href":"https:\/\/sertv.gob.pa\/nacionalfm\/wp-json\/wp\/v2\/users\/1"}],"replies":[{"embeddable":true,"href":"https:\/\/sertv.gob.pa\/nacionalfm\/wp-json\/wp\/v2\/comments?post=1900"}],"version-history":[{"count":0,"href":"https:\/\/sertv.gob.pa\/nacionalfm\/wp-json\/wp\/v2\/posts\/1900\/revisions"}],"wp:featuredmedia":[{"embeddable":true,"href":"https:\/\/sertv.gob.pa\/nacionalfm\/wp-json\/wp\/v2\/media\/1901"}],"wp:attachment":[{"href":"https:\/\/sertv.gob.pa\/nacionalfm\/wp-json\/wp\/v2\/media?parent=1900"}],"wp:term":[{"taxonomy":"category","embeddable":true,"href":"https:\/\/sertv.gob.pa\/nacionalfm\/wp-json\/wp\/v2\/categories?post=1900"},{"taxonomy":"post_tag","embeddable":true,"href":"https:\/\/sertv.gob.pa\/nacionalfm\/wp-json\/wp\/v2\/tags?post=1900"}],"curies":[{"name":"wp","href":"https:\/\/api.w.org\/{rel}","templated":true}]}}