{"id":19009,"date":"2017-03-14T18:26:41","date_gmt":"2017-03-14T18:26:41","guid":{"rendered":""},"modified":"2017-03-14T18:26:41","modified_gmt":"2017-03-14T18:26:41","slug":"mayor-riesgo-de-sufrir-mal-de-parkinson-poseen-los-pelirrojos","status":"publish","type":"post","link":"https:\/\/sertv.gob.pa\/nacionalfm\/mayor-riesgo-de-sufrir-mal-de-parkinson-poseen-los-pelirrojos\/","title":{"rendered":"Mayor riesgo de sufrir mal de Parkinson poseen los pelirrojos"},"content":{"rendered":"<p>\nVarios estudios confirmaron el aumento de probabilidades de la gente pelirroja de sufrir c\u00e1ncer de piel, lo que se halla sumamente vinculado con el concepto de melanoma, uno de los tipos de c\u00e1ncer m\u00e1s nocivos para la salud del ser humano. Una investigaci\u00f3n de la Universidad de Harvard publicada en Pubmed y titulada \u00abLa gen\u00e9tica del color del pelo y el riesgo de la enfermedad de Parkinson\u00bb vincula este concepto con las probabilidades de padecer el mal de Parkinson. <\/p>\n<p>La investigaci\u00f3n asegur\u00f3 que cuanto\u00a0m\u00e1s oscuro es el cabello\u00a0menos incrementa el riesgo de padecer este mal, al contrario de lo que sucede con los cabellos m\u00e1s claros. Los pelirrojos encabezar\u00edan el primer puesto como grupo de factor de riesgo de Parkinson. <\/p>\n<p>Los cient\u00edficos pudieron corroborar su hip\u00f3tesis mediante el estudio de 38.641 hombres y 93.661 mujeres, libres de la enfermedad. Adem\u00e1s analizaron 298 pacientes que s\u00ed padecieron la patolog\u00eda en diversos niveles de intensidad. Alberto Ascherio, doctor, profesor de Epidemiolog\u00eda y Nutrici\u00f3n y l\u00edder del proyecto de la Universidad de Harvard asegur\u00f3 en su publicaci\u00f3n: <\/p>\n<p>\u00abObservamos una aparici\u00f3n relativa menor de Parkinson en morochos que en aquellos individuos con cabellos claros. El estudio de casos y controles de los participantes con genotipo permiti\u00f3 asociar al pelo rojo con un mayor riesgo dicha patolog\u00eda, en relaci\u00f3n con el genotipo Arg \/ Arg, propio de las personas con cabello oscuro\u00bb. <\/p>\n<p>Esta patolog\u00eda es sufrida por cerca de 70.000 individuos argentinos y se ubica como el segundo trastorno cr\u00f3nico neurodegenerativo m\u00e1s habitual, luego de la enfermedad de Alzheimer. Pese a que el 2% de pacientes mayores de 65 a\u00f1os la sufren, se han atendido casos en diferentes grupos etarios, como en adolescentes menores de 20 a\u00f1os de edad. <\/p>\n<p>\u00a0 <\/p>\n","protected":false},"excerpt":{"rendered":"<p>Varios estudios confirmaron el aumento de probabilidades de la gente <a href=\"https:\/\/sertv.gob.pa\/nacionalfm\/mayor-riesgo-de-sufrir-mal-de-parkinson-poseen-los-pelirrojos\/\"> [&#8230;]<\/a><\/p>\n","protected":false},"author":1,"featured_media":19010,"comment_status":"closed","ping_status":"closed","sticky":false,"template":"","format":"standard","meta":{"footnotes":""},"categories":[5],"tags":[],"class_list":["post-19009","post","type-post","status-publish","format-standard","has-post-thumbnail","hentry","category-salud"],"_links":{"self":[{"href":"https:\/\/sertv.gob.pa\/nacionalfm\/wp-json\/wp\/v2\/posts\/19009","targetHints":{"allow":["GET"]}}],"collection":[{"href":"https:\/\/sertv.gob.pa\/nacionalfm\/wp-json\/wp\/v2\/posts"}],"about":[{"href":"https:\/\/sertv.gob.pa\/nacionalfm\/wp-json\/wp\/v2\/types\/post"}],"author":[{"embeddable":true,"href":"https:\/\/sertv.gob.pa\/nacionalfm\/wp-json\/wp\/v2\/users\/1"}],"replies":[{"embeddable":true,"href":"https:\/\/sertv.gob.pa\/nacionalfm\/wp-json\/wp\/v2\/comments?post=19009"}],"version-history":[{"count":0,"href":"https:\/\/sertv.gob.pa\/nacionalfm\/wp-json\/wp\/v2\/posts\/19009\/revisions"}],"wp:featuredmedia":[{"embeddable":true,"href":"https:\/\/sertv.gob.pa\/nacionalfm\/wp-json\/wp\/v2\/media\/19010"}],"wp:attachment":[{"href":"https:\/\/sertv.gob.pa\/nacionalfm\/wp-json\/wp\/v2\/media?parent=19009"}],"wp:term":[{"taxonomy":"category","embeddable":true,"href":"https:\/\/sertv.gob.pa\/nacionalfm\/wp-json\/wp\/v2\/categories?post=19009"},{"taxonomy":"post_tag","embeddable":true,"href":"https:\/\/sertv.gob.pa\/nacionalfm\/wp-json\/wp\/v2\/tags?post=19009"}],"curies":[{"name":"wp","href":"https:\/\/api.w.org\/{rel}","templated":true}]}}