{"id":19017,"date":"2017-03-14T20:28:08","date_gmt":"2017-03-14T20:28:08","guid":{"rendered":""},"modified":"2017-03-14T20:28:08","modified_gmt":"2017-03-14T20:28:08","slug":"chigorito-gutierrez-cae-ante-luis-pachay-en-cinta-costera","status":"publish","type":"post","link":"https:\/\/sertv.gob.pa\/nacionalfm\/chigorito-gutierrez-cae-ante-luis-pachay-en-cinta-costera\/","title":{"rendered":"\u201cChigorito\u201d Guti\u00e9rrez cae ante Luis Pachay en Cinta Costera"},"content":{"rendered":"<p>\nUna vez m\u00e1s la Cinta Costera sirve de escenario de una cartilla de boxeo ol\u00edmpico organizada y patrocinada por la Alcald\u00eda de Panam\u00e1 en su proyecto &ldquo;Semillero de Campeones&rdquo; con el aval de la Liga Distritorial de Boxeo Ol\u00edmpico de Panam\u00e1, que preside Jannett P\u00e9rez. <\/p>\n<p>En una de las peleas m\u00e1s importantes de la velada Luis Pachai venci\u00f3 por decisi\u00f3n dividida A Leonel &ldquo;Chigorito&rdquo; Guti\u00e9rrez, residente de la Chorrera e intregrante de la Polic\u00eda Nacional. <\/p>\n<p>Estuvieron presente en la cartelera el se\u00f1or Alejandro Corrales, padre de los p\u00fagiles Alejando Corrales y el s\u00faper campe\u00f3n de los s\u00faper plumas de la Asociaci\u00f3n Mundial de Boxeo, Jezrrel &ldquo;El Invisible&rdquo; Corrales los ex campeones Jean Pero P\u00e9rez de Venezuela \u00a0y Ricardo &ldquo;El Maestrito&rdquo; C\u00f3rdoba. <\/p>\n","protected":false},"excerpt":{"rendered":"<p>Una vez m\u00e1s la Cinta Costera sirve de escenario de <a href=\"https:\/\/sertv.gob.pa\/nacionalfm\/chigorito-gutierrez-cae-ante-luis-pachay-en-cinta-costera\/\"> [&#8230;]<\/a><\/p>\n","protected":false},"author":1,"featured_media":19018,"comment_status":"closed","ping_status":"closed","sticky":false,"template":"","format":"standard","meta":{"footnotes":""},"categories":[4],"tags":[],"class_list":["post-19017","post","type-post","status-publish","format-standard","has-post-thumbnail","hentry","category-deportes"],"_links":{"self":[{"href":"https:\/\/sertv.gob.pa\/nacionalfm\/wp-json\/wp\/v2\/posts\/19017","targetHints":{"allow":["GET"]}}],"collection":[{"href":"https:\/\/sertv.gob.pa\/nacionalfm\/wp-json\/wp\/v2\/posts"}],"about":[{"href":"https:\/\/sertv.gob.pa\/nacionalfm\/wp-json\/wp\/v2\/types\/post"}],"author":[{"embeddable":true,"href":"https:\/\/sertv.gob.pa\/nacionalfm\/wp-json\/wp\/v2\/users\/1"}],"replies":[{"embeddable":true,"href":"https:\/\/sertv.gob.pa\/nacionalfm\/wp-json\/wp\/v2\/comments?post=19017"}],"version-history":[{"count":0,"href":"https:\/\/sertv.gob.pa\/nacionalfm\/wp-json\/wp\/v2\/posts\/19017\/revisions"}],"wp:featuredmedia":[{"embeddable":true,"href":"https:\/\/sertv.gob.pa\/nacionalfm\/wp-json\/wp\/v2\/media\/19018"}],"wp:attachment":[{"href":"https:\/\/sertv.gob.pa\/nacionalfm\/wp-json\/wp\/v2\/media?parent=19017"}],"wp:term":[{"taxonomy":"category","embeddable":true,"href":"https:\/\/sertv.gob.pa\/nacionalfm\/wp-json\/wp\/v2\/categories?post=19017"},{"taxonomy":"post_tag","embeddable":true,"href":"https:\/\/sertv.gob.pa\/nacionalfm\/wp-json\/wp\/v2\/tags?post=19017"}],"curies":[{"name":"wp","href":"https:\/\/api.w.org\/{rel}","templated":true}]}}