{"id":19019,"date":"2017-03-14T21:26:26","date_gmt":"2017-03-14T21:26:26","guid":{"rendered":""},"modified":"2017-03-14T21:26:26","modified_gmt":"2017-03-14T21:26:26","slug":"pierde-manuel-largacha-en-espana","status":"publish","type":"post","link":"https:\/\/sertv.gob.pa\/nacionalfm\/pierde-manuel-largacha-en-espana\/","title":{"rendered":"Pierde Manuel Largacha en Espa\u00f1a"},"content":{"rendered":"<p>\nEl p\u00fagil paname\u00f1o Manuel &ldquo;El Torbellino&rdquo; Largacha perdi\u00f3 en su primera salida en el exterior ante el ruso Alexander Podolsky, por decisi\u00f3n un\u00e1nime de los jueces, en combate realizado el pasado s\u00e1bado en el Fronton Bizkaia de Bilbao, Espa\u00f1a. <\/p>\n<p>A pesar de la derrota, el paname\u00f1o Largacha realiz\u00f3 un buen encuentro y baja su palmar\u00e9s a 8 victorias, 5 derrotas, 3 empates y solamente 3 ganadas por la v\u00eda r\u00e1pida, el ruso mantiene su r\u00e9cord inmaculado con 8 victoria 0 derrotas y tambi\u00e9n 3 victorias por la v\u00eda r\u00e1pida. <\/p>\n","protected":false},"excerpt":{"rendered":"<p>El p\u00fagil paname\u00f1o Manuel &ldquo;El Torbellino&rdquo; Largacha perdi\u00f3 en su <a href=\"https:\/\/sertv.gob.pa\/nacionalfm\/pierde-manuel-largacha-en-espana\/\"> [&#8230;]<\/a><\/p>\n","protected":false},"author":1,"featured_media":19020,"comment_status":"closed","ping_status":"closed","sticky":false,"template":"","format":"standard","meta":{"footnotes":""},"categories":[4],"tags":[],"class_list":["post-19019","post","type-post","status-publish","format-standard","has-post-thumbnail","hentry","category-deportes"],"_links":{"self":[{"href":"https:\/\/sertv.gob.pa\/nacionalfm\/wp-json\/wp\/v2\/posts\/19019","targetHints":{"allow":["GET"]}}],"collection":[{"href":"https:\/\/sertv.gob.pa\/nacionalfm\/wp-json\/wp\/v2\/posts"}],"about":[{"href":"https:\/\/sertv.gob.pa\/nacionalfm\/wp-json\/wp\/v2\/types\/post"}],"author":[{"embeddable":true,"href":"https:\/\/sertv.gob.pa\/nacionalfm\/wp-json\/wp\/v2\/users\/1"}],"replies":[{"embeddable":true,"href":"https:\/\/sertv.gob.pa\/nacionalfm\/wp-json\/wp\/v2\/comments?post=19019"}],"version-history":[{"count":0,"href":"https:\/\/sertv.gob.pa\/nacionalfm\/wp-json\/wp\/v2\/posts\/19019\/revisions"}],"wp:featuredmedia":[{"embeddable":true,"href":"https:\/\/sertv.gob.pa\/nacionalfm\/wp-json\/wp\/v2\/media\/19020"}],"wp:attachment":[{"href":"https:\/\/sertv.gob.pa\/nacionalfm\/wp-json\/wp\/v2\/media?parent=19019"}],"wp:term":[{"taxonomy":"category","embeddable":true,"href":"https:\/\/sertv.gob.pa\/nacionalfm\/wp-json\/wp\/v2\/categories?post=19019"},{"taxonomy":"post_tag","embeddable":true,"href":"https:\/\/sertv.gob.pa\/nacionalfm\/wp-json\/wp\/v2\/tags?post=19019"}],"curies":[{"name":"wp","href":"https:\/\/api.w.org\/{rel}","templated":true}]}}