{"id":19021,"date":"2017-03-14T21:47:11","date_gmt":"2017-03-14T21:47:11","guid":{"rendered":""},"modified":"2017-03-14T21:47:11","modified_gmt":"2017-03-14T21:47:11","slug":"nadador-benito-perlaza-recibe-pabellon-nacional","status":"publish","type":"post","link":"https:\/\/sertv.gob.pa\/nacionalfm\/nadador-benito-perlaza-recibe-pabellon-nacional\/","title":{"rendered":"Nadador Benito Perlaza recibe Pabell\u00f3n Nacional"},"content":{"rendered":"<p>\nEl Director del Instituto Paname\u00f1o de Deportes Roberto Arango Chiari entreg\u00f3 el pabell\u00f3n nacional al atleta Benito Perlaza en compa\u00f1\u00eda de la presidenta del Comit\u00e9 Paral\u00edmpico de Panam\u00e1 Esther Faskha, el profesor Jos\u00e9 Calvi\u00f1o, director de la Escuela Vocacional Especial y compa\u00f1eros atletas, quienes representar\u00e1n a Panam\u00e1 en los Juegos Parapanamericanos Juveniles 2017 a celebrarse en Sao Paulo, Brasil, del 20 al 25 de marzo. <\/p>\n<p>La delegaci\u00f3n paname\u00f1a conformada por 18 atletas, 1 atleta gu\u00eda, 1 jefe de misi\u00f3n y 5 entrenadores se ha venido preparando fuertemente para afrontar esta justa juvenil con la meta de lograr una de las ansiadas preseas. . <\/p>\n<p>Cabe destacar que es la primera vez que Panam\u00e1 participar\u00e1 con una delegaci\u00f3n en 4 disciplinas: atletismo; futbol 7, nataci\u00f3n y powerlifting. <\/p>\n<p>Unos mil deportistas de entre 14 y 21 a\u00f1os de edad, procedentes de 20 pa\u00edses del mundo estar\u00e1n presentes en este magno evento. <\/p>\n<p>La entrega de la Ense\u00f1a Patria se efectu\u00f3 en las oficinas de PANDEPORTES, ubicada en la Ciudad Deportiva Irving Saladino. <\/p>\n<p>\u00a0 <\/p>\n","protected":false},"excerpt":{"rendered":"<p>El Director del Instituto Paname\u00f1o de Deportes Roberto Arango Chiari <a href=\"https:\/\/sertv.gob.pa\/nacionalfm\/nadador-benito-perlaza-recibe-pabellon-nacional\/\"> [&#8230;]<\/a><\/p>\n","protected":false},"author":1,"featured_media":19022,"comment_status":"closed","ping_status":"closed","sticky":false,"template":"","format":"standard","meta":{"footnotes":""},"categories":[4],"tags":[],"class_list":["post-19021","post","type-post","status-publish","format-standard","has-post-thumbnail","hentry","category-deportes"],"_links":{"self":[{"href":"https:\/\/sertv.gob.pa\/nacionalfm\/wp-json\/wp\/v2\/posts\/19021","targetHints":{"allow":["GET"]}}],"collection":[{"href":"https:\/\/sertv.gob.pa\/nacionalfm\/wp-json\/wp\/v2\/posts"}],"about":[{"href":"https:\/\/sertv.gob.pa\/nacionalfm\/wp-json\/wp\/v2\/types\/post"}],"author":[{"embeddable":true,"href":"https:\/\/sertv.gob.pa\/nacionalfm\/wp-json\/wp\/v2\/users\/1"}],"replies":[{"embeddable":true,"href":"https:\/\/sertv.gob.pa\/nacionalfm\/wp-json\/wp\/v2\/comments?post=19021"}],"version-history":[{"count":0,"href":"https:\/\/sertv.gob.pa\/nacionalfm\/wp-json\/wp\/v2\/posts\/19021\/revisions"}],"wp:featuredmedia":[{"embeddable":true,"href":"https:\/\/sertv.gob.pa\/nacionalfm\/wp-json\/wp\/v2\/media\/19022"}],"wp:attachment":[{"href":"https:\/\/sertv.gob.pa\/nacionalfm\/wp-json\/wp\/v2\/media?parent=19021"}],"wp:term":[{"taxonomy":"category","embeddable":true,"href":"https:\/\/sertv.gob.pa\/nacionalfm\/wp-json\/wp\/v2\/categories?post=19021"},{"taxonomy":"post_tag","embeddable":true,"href":"https:\/\/sertv.gob.pa\/nacionalfm\/wp-json\/wp\/v2\/tags?post=19021"}],"curies":[{"name":"wp","href":"https:\/\/api.w.org\/{rel}","templated":true}]}}