{"id":19031,"date":"2017-03-15T15:23:27","date_gmt":"2017-03-15T15:23:27","guid":{"rendered":""},"modified":"2017-03-15T15:23:27","modified_gmt":"2017-03-15T15:23:27","slug":"estadisticas-de-zika-dengue-y-chikungunya","status":"publish","type":"post","link":"https:\/\/sertv.gob.pa\/nacionalfm\/estadisticas-de-zika-dengue-y-chikungunya\/","title":{"rendered":"Estad\u00edsticas de zika, dengue y chikungunya"},"content":{"rendered":"<p>\nA pesar de la llegada de la estaci\u00f3n seca, el zika no da tregua, pues van 92 casos en los d\u00edas que han trascurrido del a\u00f1o 2017. <\/p>\n<p>Esto lo dio a conocer la directora general de Salud del MINSA, Itza Barahona de Mosca, quien solicit\u00f3 a la ciudadan\u00eda eliminar los criaderos de mosquitos. &lsquo;Es una batalla permanente&#8217;, expres\u00f3. El a\u00f1o pasado este virus afect\u00f3 a 765 personas. <\/p>\n<p>En cuanto al chikungunya, Barahona destac\u00f3 que luego de un a\u00f1o sin registros, en este 2017 reapareci\u00f3 y ya hay 2 casos confirmados. <\/p>\n<p>El dengue asimismo sigue afectando, pues van 294 casos y se investigan 2 decesos de menores por ese virus. En 2016 se registraron 2,919 casos y 9 defunciones. <\/p>\n<p>\u00a0 <\/p>\n","protected":false},"excerpt":{"rendered":"<p>A pesar de la llegada de la estaci\u00f3n seca, el <a href=\"https:\/\/sertv.gob.pa\/nacionalfm\/estadisticas-de-zika-dengue-y-chikungunya\/\"> [&#8230;]<\/a><\/p>\n","protected":false},"author":1,"featured_media":19032,"comment_status":"closed","ping_status":"closed","sticky":false,"template":"","format":"standard","meta":{"footnotes":""},"categories":[5],"tags":[],"class_list":["post-19031","post","type-post","status-publish","format-standard","has-post-thumbnail","hentry","category-salud"],"_links":{"self":[{"href":"https:\/\/sertv.gob.pa\/nacionalfm\/wp-json\/wp\/v2\/posts\/19031","targetHints":{"allow":["GET"]}}],"collection":[{"href":"https:\/\/sertv.gob.pa\/nacionalfm\/wp-json\/wp\/v2\/posts"}],"about":[{"href":"https:\/\/sertv.gob.pa\/nacionalfm\/wp-json\/wp\/v2\/types\/post"}],"author":[{"embeddable":true,"href":"https:\/\/sertv.gob.pa\/nacionalfm\/wp-json\/wp\/v2\/users\/1"}],"replies":[{"embeddable":true,"href":"https:\/\/sertv.gob.pa\/nacionalfm\/wp-json\/wp\/v2\/comments?post=19031"}],"version-history":[{"count":0,"href":"https:\/\/sertv.gob.pa\/nacionalfm\/wp-json\/wp\/v2\/posts\/19031\/revisions"}],"wp:featuredmedia":[{"embeddable":true,"href":"https:\/\/sertv.gob.pa\/nacionalfm\/wp-json\/wp\/v2\/media\/19032"}],"wp:attachment":[{"href":"https:\/\/sertv.gob.pa\/nacionalfm\/wp-json\/wp\/v2\/media?parent=19031"}],"wp:term":[{"taxonomy":"category","embeddable":true,"href":"https:\/\/sertv.gob.pa\/nacionalfm\/wp-json\/wp\/v2\/categories?post=19031"},{"taxonomy":"post_tag","embeddable":true,"href":"https:\/\/sertv.gob.pa\/nacionalfm\/wp-json\/wp\/v2\/tags?post=19031"}],"curies":[{"name":"wp","href":"https:\/\/api.w.org\/{rel}","templated":true}]}}