{"id":19039,"date":"2017-03-15T16:38:41","date_gmt":"2017-03-15T16:38:41","guid":{"rendered":""},"modified":"2017-03-15T16:38:41","modified_gmt":"2017-03-15T16:38:41","slug":"erislandy-lara-visita-a-panama","status":"publish","type":"post","link":"https:\/\/sertv.gob.pa\/nacionalfm\/erislandy-lara-visita-a-panama\/","title":{"rendered":"Erislandy Lara visita a Panam\u00e1"},"content":{"rendered":"<p>\n El supercampe\u00f3n de la Asociaci\u00f3n Mundial de Boxeo de los superwelter, el cubano Erislandy Lara se encuentra de visita en Panam\u00e1, con motivo de asistir a la misa del primer aniversario del fallecimiento del presidente em\u00e9rito de la AMB, Gilberto Mendoza.  <\/p>\n<p> El p\u00fagil de Guant\u00e1namo, Cuba manifest\u00f3 que tiene en la mira al campe\u00f3n mundial unificado de la AMB, CMB y FIB de la categor\u00eda de los pesos medios, el kazajo Gennady Golvkin.  <\/p>\n<p> Por \u00faltimo habl\u00f3 sobre la pelea entre los mexicanos Sa\u00fal &lsquo;Canelo&#8217; \u00c1lvarez y Julio C\u00e9sar Ch\u00e1vez Jr.  <\/p>\n<p> &lsquo;Me gusta m\u00e1s Ch\u00e1vez, es m\u00e1s alto, un boxeador fuerte, asimila, ha tenido buenas peleas&#8217;, concluy\u00f3.  <\/p>\n","protected":false},"excerpt":{"rendered":"<p>El supercampe\u00f3n de la Asociaci\u00f3n Mundial de Boxeo de los <a href=\"https:\/\/sertv.gob.pa\/nacionalfm\/erislandy-lara-visita-a-panama\/\"> [&#8230;]<\/a><\/p>\n","protected":false},"author":1,"featured_media":19040,"comment_status":"closed","ping_status":"closed","sticky":false,"template":"","format":"standard","meta":{"footnotes":""},"categories":[4],"tags":[],"class_list":["post-19039","post","type-post","status-publish","format-standard","has-post-thumbnail","hentry","category-deportes"],"_links":{"self":[{"href":"https:\/\/sertv.gob.pa\/nacionalfm\/wp-json\/wp\/v2\/posts\/19039","targetHints":{"allow":["GET"]}}],"collection":[{"href":"https:\/\/sertv.gob.pa\/nacionalfm\/wp-json\/wp\/v2\/posts"}],"about":[{"href":"https:\/\/sertv.gob.pa\/nacionalfm\/wp-json\/wp\/v2\/types\/post"}],"author":[{"embeddable":true,"href":"https:\/\/sertv.gob.pa\/nacionalfm\/wp-json\/wp\/v2\/users\/1"}],"replies":[{"embeddable":true,"href":"https:\/\/sertv.gob.pa\/nacionalfm\/wp-json\/wp\/v2\/comments?post=19039"}],"version-history":[{"count":0,"href":"https:\/\/sertv.gob.pa\/nacionalfm\/wp-json\/wp\/v2\/posts\/19039\/revisions"}],"wp:featuredmedia":[{"embeddable":true,"href":"https:\/\/sertv.gob.pa\/nacionalfm\/wp-json\/wp\/v2\/media\/19040"}],"wp:attachment":[{"href":"https:\/\/sertv.gob.pa\/nacionalfm\/wp-json\/wp\/v2\/media?parent=19039"}],"wp:term":[{"taxonomy":"category","embeddable":true,"href":"https:\/\/sertv.gob.pa\/nacionalfm\/wp-json\/wp\/v2\/categories?post=19039"},{"taxonomy":"post_tag","embeddable":true,"href":"https:\/\/sertv.gob.pa\/nacionalfm\/wp-json\/wp\/v2\/tags?post=19039"}],"curies":[{"name":"wp","href":"https:\/\/api.w.org\/{rel}","templated":true}]}}