{"id":19045,"date":"2017-03-15T18:17:33","date_gmt":"2017-03-15T18:17:33","guid":{"rendered":""},"modified":"2017-03-15T18:17:33","modified_gmt":"2017-03-15T18:17:33","slug":"confirman-deceso-por-meningitis-bacteriana","status":"publish","type":"post","link":"https:\/\/sertv.gob.pa\/nacionalfm\/confirman-deceso-por-meningitis-bacteriana\/","title":{"rendered":"Confirman deceso por meningitis bacteriana"},"content":{"rendered":"<p>\nLa Caja de Seguro Social (CSS) confirm\u00f3 la muerte de una paciente de 20 a\u00f1os en el complejo metropolitano Dr. Arnulfo Arias Madrid, por meningitis bacteriana, producida por &ldquo;Streptococo pneumoniae&rdquo;.\u00a0 <\/p>\n<p>Las autoridades de salud recordaron que la meningitis es una infecci\u00f3n de la membrana que cubre el cerebro y la m\u00e9dula espinal, que aunque grave, es poco frecuente. \u00a0 <\/p>\n<p>Gladys Guerrero, Coordinadora Nacional de Infecciones Nosocomiales de la CSS calific\u00f3 este deceso como &ldquo;un caso espor\u00e1dico&rdquo;. <\/p>\n<p>Y sobre la paciente que proven\u00eda de Para\u00edso, San Miguelito, Guerrero mencion\u00f3 que la evoluci\u00f3n fue t\u00f3rpida (que reacciona con dificultad) a pesar de toda la atenci\u00f3n y tratamiento de sost\u00e9n y antibi\u00f3ticos que se aplicaron, \u00a0llev\u00e1ndola al deceso. <\/p>\n<p>\u00a0 <\/p>\n<p>\u00a0 <\/p>\n","protected":false},"excerpt":{"rendered":"<p>La Caja de Seguro Social (CSS) confirm\u00f3 la muerte de <a href=\"https:\/\/sertv.gob.pa\/nacionalfm\/confirman-deceso-por-meningitis-bacteriana\/\"> [&#8230;]<\/a><\/p>\n","protected":false},"author":1,"featured_media":19046,"comment_status":"closed","ping_status":"closed","sticky":false,"template":"","format":"standard","meta":{"footnotes":""},"categories":[5],"tags":[],"class_list":["post-19045","post","type-post","status-publish","format-standard","has-post-thumbnail","hentry","category-salud"],"_links":{"self":[{"href":"https:\/\/sertv.gob.pa\/nacionalfm\/wp-json\/wp\/v2\/posts\/19045","targetHints":{"allow":["GET"]}}],"collection":[{"href":"https:\/\/sertv.gob.pa\/nacionalfm\/wp-json\/wp\/v2\/posts"}],"about":[{"href":"https:\/\/sertv.gob.pa\/nacionalfm\/wp-json\/wp\/v2\/types\/post"}],"author":[{"embeddable":true,"href":"https:\/\/sertv.gob.pa\/nacionalfm\/wp-json\/wp\/v2\/users\/1"}],"replies":[{"embeddable":true,"href":"https:\/\/sertv.gob.pa\/nacionalfm\/wp-json\/wp\/v2\/comments?post=19045"}],"version-history":[{"count":0,"href":"https:\/\/sertv.gob.pa\/nacionalfm\/wp-json\/wp\/v2\/posts\/19045\/revisions"}],"wp:featuredmedia":[{"embeddable":true,"href":"https:\/\/sertv.gob.pa\/nacionalfm\/wp-json\/wp\/v2\/media\/19046"}],"wp:attachment":[{"href":"https:\/\/sertv.gob.pa\/nacionalfm\/wp-json\/wp\/v2\/media?parent=19045"}],"wp:term":[{"taxonomy":"category","embeddable":true,"href":"https:\/\/sertv.gob.pa\/nacionalfm\/wp-json\/wp\/v2\/categories?post=19045"},{"taxonomy":"post_tag","embeddable":true,"href":"https:\/\/sertv.gob.pa\/nacionalfm\/wp-json\/wp\/v2\/tags?post=19045"}],"curies":[{"name":"wp","href":"https:\/\/api.w.org\/{rel}","templated":true}]}}