{"id":19054,"date":"2017-03-15T20:12:53","date_gmt":"2017-03-15T20:12:53","guid":{"rendered":""},"modified":"2017-03-15T20:12:53","modified_gmt":"2017-03-15T20:12:53","slug":"fallece-ex-pugil-colombiano-rodrigo-rocky-valdes","status":"publish","type":"post","link":"https:\/\/sertv.gob.pa\/nacionalfm\/fallece-ex-pugil-colombiano-rodrigo-rocky-valdes\/","title":{"rendered":"Fallece ex p\u00fagil  colombiano Rodrigo \u201cRocky\u201d Vald\u00e9s"},"content":{"rendered":"<p>\nRodrigo \u00abRocky\u00bb Valdez, dos veces campe\u00f3n mundial de boxeo del peso mediano, falleci\u00f3 a los 70 a\u00f1os de edad en su natal Cartagena de Indias. <\/p>\n<p>  \u00abCartagena y Colombia se levantan con una triste noticia. Muri\u00f3 el campe\u00f3n Rodrigo Valdez, ejemplo de dignidad y pundonor deportivo\u00bb, escribi\u00f3 en su cuenta de Twitter el alcalde de la ciudad, Manuel Vicente Duque, periodista de profesi\u00f3n y aficionado al boxeo. <\/p>\n<p>Valdez, una leyenda del boxeo colombiano, que fue gran rival en los a\u00f1os 70 del argentino Carlos Monz\u00f3n y el segundo campe\u00f3n mundial de Colombia luego de Antonio Cervantes &ldquo;Kid Pambel\u00e9&rdquo; , falleci\u00f3 de un infarto, seg\u00fan sus familiares. <\/p>\n<p>El exboxeador colombiano fue dos veces campe\u00f3n mundial de los medianos. Su primer reinado como campe\u00f3n fue entre mayo de 1974 y junio de 1976. Posteriormente, tras el retiro de uno de sus rivales m\u00e1s hist\u00f3ricos, Carlos Monz\u00f3n, se hizo con la corona ecum\u00e9nica del Consejo Mundial de Boxeo (CMB) y de la Asociaci\u00f3n Mundial de Boxeo (AMB), entre noviembre de 1977 y abril de 1978. <\/p>\n<p>Un a\u00f1o m\u00e1s tarde, exactamente el 30 de julio de 1977, se volver\u00edan a enfrentar un combate hist\u00f3rico, considerado uno de los mejores del siglo XX. Nuevamente, estaba en juego la unificaci\u00f3n de lo cetro mundiales del CMB y de la AMB del peso mediano. En la pelea, Rocky mand\u00f3 a la lona a Monz\u00f3n en el segundo asalto, convierti\u00e9ndose en el segundo hombre capaz. Rocky libr\u00f3 batallas hist\u00f3ricas con Carlos Monz\u00f3n, considerada esta como una de las rivalidades m\u00e1s fuertes del siglo XX. Se enfrentaron en dos ocasiones. La primera fue el 26 de junio de 1976, en Montecarlo, M\u00f3naco, donde el colombiano perdi\u00f3 por decisi\u00f3n un\u00e1nime derribar al argentino en toda su carrera. A pesar de ello, el cartagenero perder\u00eda la pelea por decisi\u00f3n un\u00e1nime. <\/p>\n<p>Valdez\u00a0finaliz\u00f3 su carrera con r\u00e9cord de 63 victorias, 43 nocaut, 2 empates y 8 derrotas. Era de ganarse a la gente con facilidad gracias a su forma de interactuar con cualquier persona. <\/p>\n<p>&ldquo;El Rocky&rdquo; se enfrent\u00f3 a p\u00fagiles como el ecuatoriano Eugenio &ldquo;Boy&rdquo; espinosa, con el paname\u00f1o Humberto Trotman, su compatriota Germ\u00e1n &ldquo;Jonhy&rdquo; Castelbondo, el ecuatoriano Daniel Guan\u00edn, Pete Toro, con Benie Briscoe con quien gan\u00f3 dos veces el t\u00edtulo se enfrent\u00f3 en 3 ocasiones, y Hugo Pastor Corro con quien perdi\u00f3 el t\u00edtulo y luego recibi\u00f3 la revancha sin \u00e9xito. <\/p>\n<p>&lsquo;Rocky&rsquo; ser\u00e1 velado en la Funeraria Lorduy, en el Pie de la Popa, en Cartagena. <\/p>\n","protected":false},"excerpt":{"rendered":"<p>Rodrigo \u00abRocky\u00bb Valdez, dos veces campe\u00f3n mundial de boxeo del <a href=\"https:\/\/sertv.gob.pa\/nacionalfm\/fallece-ex-pugil-colombiano-rodrigo-rocky-valdes\/\"> [&#8230;]<\/a><\/p>\n","protected":false},"author":1,"featured_media":19055,"comment_status":"closed","ping_status":"closed","sticky":false,"template":"","format":"standard","meta":{"footnotes":""},"categories":[4],"tags":[],"class_list":["post-19054","post","type-post","status-publish","format-standard","has-post-thumbnail","hentry","category-deportes"],"_links":{"self":[{"href":"https:\/\/sertv.gob.pa\/nacionalfm\/wp-json\/wp\/v2\/posts\/19054","targetHints":{"allow":["GET"]}}],"collection":[{"href":"https:\/\/sertv.gob.pa\/nacionalfm\/wp-json\/wp\/v2\/posts"}],"about":[{"href":"https:\/\/sertv.gob.pa\/nacionalfm\/wp-json\/wp\/v2\/types\/post"}],"author":[{"embeddable":true,"href":"https:\/\/sertv.gob.pa\/nacionalfm\/wp-json\/wp\/v2\/users\/1"}],"replies":[{"embeddable":true,"href":"https:\/\/sertv.gob.pa\/nacionalfm\/wp-json\/wp\/v2\/comments?post=19054"}],"version-history":[{"count":0,"href":"https:\/\/sertv.gob.pa\/nacionalfm\/wp-json\/wp\/v2\/posts\/19054\/revisions"}],"wp:featuredmedia":[{"embeddable":true,"href":"https:\/\/sertv.gob.pa\/nacionalfm\/wp-json\/wp\/v2\/media\/19055"}],"wp:attachment":[{"href":"https:\/\/sertv.gob.pa\/nacionalfm\/wp-json\/wp\/v2\/media?parent=19054"}],"wp:term":[{"taxonomy":"category","embeddable":true,"href":"https:\/\/sertv.gob.pa\/nacionalfm\/wp-json\/wp\/v2\/categories?post=19054"},{"taxonomy":"post_tag","embeddable":true,"href":"https:\/\/sertv.gob.pa\/nacionalfm\/wp-json\/wp\/v2\/tags?post=19054"}],"curies":[{"name":"wp","href":"https:\/\/api.w.org\/{rel}","templated":true}]}}